
{"id":1242,"date":"2018-05-10T17:14:10","date_gmt":"2018-05-10T16:14:10","guid":{"rendered":"https:\/\/blog.madeleinemeuwessen.nl\/?p=1242"},"modified":"2018-05-10T17:14:10","modified_gmt":"2018-05-10T16:14:10","slug":"o-perdao-consiste-nos-remedios-florais-flor-de-mascara-e-erva-da-graca","status":"publish","type":"post","link":"https:\/\/blog.madeleinemeuwessen.nl\/pt\/2018\/05\/10\/vergeving-bestaat-uit-de-bloesemremedies-maskerbloem-en-genadekruid\/","title":{"rendered":"O perd\u00e3o, consiste nos rem\u00e9dios florais Flor de M\u00e1scara e Flor de Gra\u00e7a"},"content":{"rendered":"<p>A combina\u00e7\u00e3o de Maskflower e Grace herb levanta velhas m\u00e1goas. Poder\u00e1 ter de chorar muito ao tomar este rem\u00e9dio combinado, mas este choro dissolve muitas m\u00e1goas antigas. Esta combina\u00e7\u00e3o funciona como um rem\u00e9dio floral.<img decoding=\"async\" class=\"alignright wp-image-500\" src=\"https:\/\/blog.madeleinemeuwessen.nl\/wp-content\/uploads\/2016\/09\/Genadekruid.jpg\" alt=\"\" width=\"399\" height=\"532\" \/><\/p>\n<p><em><strong>Agora, como \u00e9 que este estado de esp\u00edrito surge;<\/strong><\/em><br \/>\nA 20 de fevereiro de 2016 descrevi o blogue sobre Yarrow e a 16 de janeiro de 2018 descrevi o rem\u00e9dio Firethorn.<br \/>\nNo in\u00edcio de tudo (Yarrow) est\u00e1 a procurar reconhecimento e popularidade. E isso geralmente leva \u00e0 abnega\u00e7\u00e3o.<br \/>\nEm algum momento, chega o momento em que se sentem explorados pelos outros e se protegem agressivamente dos outros.<br \/>\nEsta prote\u00e7\u00e3o faz com que tenham medo de perder o reconhecimento e o amor dos outros e, lenta mas seguramente, escava o ch\u00e3o debaixo dos seus p\u00e9s. Com medo de deixar de ser amado, o sentimento de culpa\/minoridade volta a ter todas as hip\u00f3teses.<\/p>\n<p><em><strong>Na forma\u00e7\u00e3o, dou sempre este exemplo:<\/strong><\/em><br \/>\nUm homem trabalha no escrit\u00f3rio h\u00e1 anos, faz tudo pelos seus colegas, n\u00e3o \u00e9 casado, etc., etc. Na festa dos funcion\u00e1rios, a cafeteira ainda n\u00e3o est\u00e1 l\u00e1. \u00c9-lhe pedido, sem suspeitar, que a v\u00e1 buscar. O homem fica fora de si e tem um ataque de f\u00faria terr\u00edvel, gritando, agressivo. Aparentemente, n\u00e3o h\u00e1 qualquer raz\u00e3o para se descontrolar de tal forma s\u00f3 para ir buscar a cafeteira, mas \u00e9 aqui que surge o momento em que se sente explorado pelos outros e se protege de forma negativa e agressiva.<br \/>\nNa realidade, \u00e9 raiva por ele se ter deixado usar durante anos.<br \/>\nPorque \"s\u00f3\" quer ser amado e n\u00e3o quer magoar ningu\u00e9m (o seu desejo de ser reconhecido) e, devido \u00e0 agressividade que exprime, perde esse reconhecimento, fica com problemas de consci\u00eancia e procura novamente a culpa em si pr\u00f3prio.<br \/>\nEle tem uma consci\u00eancia pesada por ter agido assim, e \u00e9 assim que surge a culpa.<\/p>\n<p>Ent\u00e3o o c\u00edrculo completa-se, porque muitas vezes estas pessoas entram num c\u00edrculo vicioso, porque, por culpa, n\u00e3o se atrevem a dizer n\u00e3o, deixam-se explorar novamente e o jogo recome\u00e7a. E assim se forma um rasto de Yarrow, Forgiveness, Firethorn. Este \"rasto\" est\u00e1 relacionado com o meridiano da bexiga.<br \/>\n<em>Talvez seja melhor ver porque \u00e9 que continua a ter sempre cistite??????<\/em><\/p>\n<p>O rem\u00e9dio em flor Perd\u00e3o ajuda a tratar sintomas como a raiva, o \u00f3dio, a inveja, o ci\u00fame,<\/p>\n<p>desconfian\u00e7a, sentimentos de vingan\u00e7a.<br \/>\nAs pessoas que perdoam podem viver constantemente com uma inquieta\u00e7\u00e3o irritante, enfurecem-se facilmente e perdem frequentemente o autocontrolo.<br \/>\nNeste estado, podem at\u00e9 ser incomodados por uma mosca na parede.<br \/>\nQueixam-se frequentemente dos outros, a quem culpam pelo seu mau humor.<br \/>\nEm geral, sabem sempre como encontrar um culpado para tudo, a quem podem atribuir a responsabilidade pelos seus pr\u00f3prios fracassos.<\/p>\n<p><em><strong>As pessoas que perdoam dizem frequentemente de si pr\u00f3prias:<\/strong><\/em><img decoding=\"async\" class=\"alignright size-full wp-image-696\" src=\"https:\/\/blog.madeleinemeuwessen.nl\/wp-content\/uploads\/2017\/01\/maskerbloem.jpg\" alt=\"\" width=\"400\" height=\"266\" srcset=\"https:\/\/blog.madeleinemeuwessen.nl\/wp-content\/uploads\/2017\/01\/maskerbloem.jpg 400w, https:\/\/blog.madeleinemeuwessen.nl\/wp-content\/uploads\/2017\/01\/maskerbloem-300x200.jpg 300w\" sizes=\"(max-width: 400px) 100vw, 400px\" \/> . Irrito-me com muita facilidade. Muitas vezes estou t\u00e3o agitado que at\u00e9 as pequenas coisas me enfurecem<br \/>\n. Fico muitas vezes aborrecido comigo pr\u00f3prio, especialmente quando algu\u00e9m me convenceu a fazer algo que eu n\u00e3o queria realmente fazer<br \/>\n. Tenho frequentemente birras incontrol\u00e1veis<br \/>\n. Na verdade, sinto-me constantemente insatisfeito e infeliz sem raz\u00e3o aparente<br \/>\n. Tenho dificuldade em perdoar, a mim pr\u00f3prio e aos outros<br \/>\n. Estou muito desconfiado<br \/>\n. Sou muito ciumenta, se o meu parceiro n\u00e3o chega a horas a casa, penso as piores coisas<br \/>\n. Muitas vezes invejo as outras mulheres, que t\u00eam um aspeto muito melhor e mais atraente.<\/p>\n<p>Frequentemente sofrem - de acordo com o seu temperamento - de doen\u00e7as febris e agressivas, por exemplo, febre s\u00fabita, erup\u00e7\u00f5es cut\u00e2neas vermelho-fogo, ardor ou comich\u00e3o, alergias.<br \/>\nA tosse e o v\u00f3mito (d\u00e1-me v\u00f3mitos) podem tamb\u00e9m ser reac\u00e7\u00f5es de agressividade ou de erup\u00e7\u00e3o de uma disposi\u00e7\u00e3o Holly.<\/p>\n<p><em><strong>Porque \u00e9 que este estado de esp\u00edrito surge agora?<\/strong><\/em><br \/>\nDiz-se que o \u00f3dio \u00e9 o espelho negativo do amor.<br \/>\nCome\u00e7amos a delimitar-nos agressivamente em rela\u00e7\u00e3o ao nosso ambiente.<br \/>\nDe um cr\u00f3nico \"sim\", passa-se a um not\u00f3rio \"n\u00e3o\".<br \/>\nPorque \u00e9 que se fecha ao amor? Por vezes tens medo do amor? Queres proteger-te de alguma coisa?<br \/>\nTalvez tenha sentido muito pelos outros no passado e tenha ficado t\u00e3o desiludido que tem medo dos sentimentos? Ter\u00e1 talvez medo de ser magoado novamente, pela en\u00e9sima vez?<\/p>\n<p>\u00c9 isso que as pessoas do Perd\u00e3o querem dizer quando dizem<br \/>\n\u00c9-me dif\u00edcil perdoar, a mim e aos outros?<\/p>\n<p><strong>Pensemos de novo na imagem de Yarrow.<\/strong><br \/>\nEstas pessoas n\u00e3o conseguem dizer \"n\u00e3o\" por sentimento de companheirismo\/ medo de n\u00e3o serem amadas pelos que as rodeiam.<br \/>\nQuando estas pessoas s\u00e3o desiludidas - sentindo-se muitas vezes exploradas - t\u00eam duas op\u00e7\u00f5es: ou levam a peito esta li\u00e7\u00e3o de vida, usando a sua vontade e tomando a sua exist\u00eancia nas suas pr\u00f3prias m\u00e3os, sabendo onde est\u00e3o os seus pr\u00f3prios limites e onde est\u00e3o os limites do outro - ou - compensam esta fraqueza bloqueando os sentimentos que as magoam.<br \/>\nSe estiver bloqueado nas suas ac\u00e7\u00f5es porque \u00e9 demasiado doce ou porque est\u00e1 demasiado zangado ou porque sofre de culpa, resolva isso com os rem\u00e9dios Yarrow, Forgiveness e Firethorn.<br \/>\nS\u00f3 tratando o estado de esp\u00edrito negativo de Yarrow \u00e9 que a base real das emo\u00e7\u00f5es destrutivas de Forgiveness e Firethorn ser\u00e1 eliminada.<br \/>\nPor esta raz\u00e3o, fiz a combina\u00e7\u00e3o 3.<\/p>\n<p>&nbsp;<\/p>\n<p>Madeleine Meuwessen<\/p>\n<p>*Os rem\u00e9dios florais n\u00e3o substituem os medicamentos. Em caso de d\u00favida, deve sempre consultar um m\u00e9dico.<\/p>","protected":false},"excerpt":{"rendered":"<p>De combinatie van Maskerbloem en Genadekruid laat een oud verdriet omhoog komen. Het kan zijn dat je veel moet huilen bij het innemen van deze combinatie-remedie, maar dit huilen lost veel oud zeer op. Deze combinatie werkt als \u00e9\u00e9n bloesemremedie. Hoe ontstaat nu deze gemoedstoestand; 20 februari 2016 heb ik de blog over Duizendblad beschreven [&#8230;]\n","protected":false},"author":4,"featured_media":696,"comment_status":"closed","ping_status":"closed","sticky":false,"template":"","format":"standard","meta":{"footnotes":""},"categories":[3],"tags":[91,440,428,432,431,427,281,108,68,441,436,443,437,442,438,13,434,435,430,429,433,60,439],"class_list":["post-1242","post","type-post","status-publish","format-standard","has-post-thumbnail","hentry","category-star-remedies","tag-agressie","tag-allergieen","tag-boosheid","tag-droge-hoest","tag-drukgevoel-in-de-oren","tag-jaloezie","tag-jeuk","tag-lusteloosheid","tag-nervositeit","tag-overgeven","tag-pijn-in-het-scrotum","tag-plotselinge-optredende-koorts","tag-pukkeltjes-of-pijn-op-de-rug-van-de-linkerhand","tag-rechterborst-gevoeliger-dan-de-linkerborst","tag-rechterkant-van-de-ribben-beginnende-bij-de-3e-tussenribruimte","tag-slapeloosheid","tag-slijmvorming-in-de-keel","tag-uitslag","tag-veel-gapen","tag-verdrietig","tag-verstopte-neus","tag-wazig-zien","tag-wraakgevoelens"],"yoast_head":"<!-- This site is optimized with the Yoast SEO plugin v27.4 - https:\/\/yoast.com\/product\/yoast-seo-wordpress\/ -->\n<title>Vergeving, bestaat uit de bloesemremedies Maskerbloem en Genadekruid - Madeleine Meuwessen<\/title>\n<meta name=\"robots\" content=\"index, follow, max-snippet:-1, max-image-preview:large, max-video-preview:-1\" \/>\n<link rel=\"canonical\" href=\"https:\/\/blog.madeleinemeuwessen.nl\/pt\/2018\/05\/10\/o-perdao-consiste-nos-remedios-florais-flor-de-mascara-e-erva-da-graca\/\" \/>\n<meta property=\"og:locale\" content=\"pt_PT\" \/>\n<meta property=\"og:type\" content=\"article\" \/>\n<meta property=\"og:title\" content=\"Vergeving, bestaat uit de bloesemremedies Maskerbloem en Genadekruid - Madeleine Meuwessen\" \/>\n<meta property=\"og:description\" content=\"De combinatie van Maskerbloem en Genadekruid laat een oud verdriet omhoog komen. Het kan zijn dat je veel moet huilen bij het innemen van deze combinatie-remedie, maar dit huilen lost veel oud zeer op. Deze combinatie werkt als \u00e9\u00e9n bloesemremedie. Hoe ontstaat nu deze gemoedstoestand; 20 februari 2016 heb ik de blog over Duizendblad beschreven [...]\" \/>\n<meta property=\"og:url\" content=\"https:\/\/blog.madeleinemeuwessen.nl\/pt\/2018\/05\/10\/o-perdao-consiste-nos-remedios-florais-flor-de-mascara-e-erva-da-graca\/\" \/>\n<meta property=\"og:site_name\" content=\"Madeleine Meuwessen\" \/>\n<meta property=\"article:published_time\" content=\"2018-05-10T16:14:10+00:00\" \/>\n<meta property=\"og:image\" content=\"https:\/\/blog.madeleinemeuwessen.nl\/wp-content\/uploads\/2017\/01\/maskerbloem.jpg\" \/>\n\t<meta property=\"og:image:width\" content=\"400\" \/>\n\t<meta property=\"og:image:height\" content=\"266\" \/>\n\t<meta property=\"og:image:type\" content=\"image\/jpeg\" \/>\n<meta name=\"author\" content=\"M. Meuwessen\" \/>\n<meta name=\"twitter:card\" content=\"summary_large_image\" \/>\n<meta name=\"twitter:label1\" content=\"Escrito por\" \/>\n\t<meta name=\"twitter:data1\" content=\"M. Meuwessen\" \/>\n\t<meta name=\"twitter:label2\" content=\"Tempo estimado de leitura\" \/>\n\t<meta name=\"twitter:data2\" content=\"5 minutos\" \/>\n<script type=\"application\/ld+json\" class=\"yoast-schema-graph\">{\"@context\":\"https:\\\/\\\/schema.org\",\"@graph\":[{\"@type\":\"Article\",\"@id\":\"https:\\\/\\\/blog.madeleinemeuwessen.nl\\\/2018\\\/05\\\/10\\\/vergeving-bestaat-uit-de-bloesemremedies-maskerbloem-en-genadekruid\\\/#article\",\"isPartOf\":{\"@id\":\"https:\\\/\\\/blog.madeleinemeuwessen.nl\\\/2018\\\/05\\\/10\\\/vergeving-bestaat-uit-de-bloesemremedies-maskerbloem-en-genadekruid\\\/\"},\"author\":{\"name\":\"M. Meuwessen\",\"@id\":\"https:\\\/\\\/blog.madeleinemeuwessen.nl\\\/ko\\\/#\\\/schema\\\/person\\\/bec97814dfe7825a10b34fdd36706181\"},\"headline\":\"Vergeving, bestaat uit de bloesemremedies Maskerbloem en Genadekruid\",\"datePublished\":\"2018-05-10T16:14:10+00:00\",\"mainEntityOfPage\":{\"@id\":\"https:\\\/\\\/blog.madeleinemeuwessen.nl\\\/2018\\\/05\\\/10\\\/vergeving-bestaat-uit-de-bloesemremedies-maskerbloem-en-genadekruid\\\/\"},\"wordCount\":909,\"image\":{\"@id\":\"https:\\\/\\\/blog.madeleinemeuwessen.nl\\\/2018\\\/05\\\/10\\\/vergeving-bestaat-uit-de-bloesemremedies-maskerbloem-en-genadekruid\\\/#primaryimage\"},\"thumbnailUrl\":\"https:\\\/\\\/blog.madeleinemeuwessen.nl\\\/wp-content\\\/uploads\\\/2017\\\/01\\\/maskerbloem.jpg\",\"keywords\":[\"agressie\",\"allergie\u00ebn\",\"boosheid\",\"droge hoest\",\"drukgevoel in de oren\",\"jaloezie\",\"jeuk\",\"lusteloosheid\",\"nervositeit\",\"overgeven\",\"pijn in het scrotum\",\"plotselinge optredende koorts\",\"pukkeltjes of pijn op de rug van de linkerhand\",\"rechterborst gevoeliger dan de linkerborst\",\"rechterkant van de ribben beginnende bij de 3e tussenribruimte\",\"slapeloosheid\",\"slijmvorming in de keel\",\"uitslag\",\"veel gapen\",\"verdrietig\",\"verstopte neus\",\"wazig zien\",\"wraakgevoelens\"],\"articleSection\":[\"Star Remedies\"],\"inLanguage\":\"pt-PT\"},{\"@type\":\"WebPage\",\"@id\":\"https:\\\/\\\/blog.madeleinemeuwessen.nl\\\/2018\\\/05\\\/10\\\/vergeving-bestaat-uit-de-bloesemremedies-maskerbloem-en-genadekruid\\\/\",\"url\":\"https:\\\/\\\/blog.madeleinemeuwessen.nl\\\/2018\\\/05\\\/10\\\/vergeving-bestaat-uit-de-bloesemremedies-maskerbloem-en-genadekruid\\\/\",\"name\":\"Vergeving, bestaat uit de bloesemremedies Maskerbloem en Genadekruid - Madeleine Meuwessen\",\"isPartOf\":{\"@id\":\"https:\\\/\\\/blog.madeleinemeuwessen.nl\\\/ko\\\/#website\"},\"primaryImageOfPage\":{\"@id\":\"https:\\\/\\\/blog.madeleinemeuwessen.nl\\\/2018\\\/05\\\/10\\\/vergeving-bestaat-uit-de-bloesemremedies-maskerbloem-en-genadekruid\\\/#primaryimage\"},\"image\":{\"@id\":\"https:\\\/\\\/blog.madeleinemeuwessen.nl\\\/2018\\\/05\\\/10\\\/vergeving-bestaat-uit-de-bloesemremedies-maskerbloem-en-genadekruid\\\/#primaryimage\"},\"thumbnailUrl\":\"https:\\\/\\\/blog.madeleinemeuwessen.nl\\\/wp-content\\\/uploads\\\/2017\\\/01\\\/maskerbloem.jpg\",\"datePublished\":\"2018-05-10T16:14:10+00:00\",\"author\":{\"@id\":\"https:\\\/\\\/blog.madeleinemeuwessen.nl\\\/ko\\\/#\\\/schema\\\/person\\\/bec97814dfe7825a10b34fdd36706181\"},\"breadcrumb\":{\"@id\":\"https:\\\/\\\/blog.madeleinemeuwessen.nl\\\/2018\\\/05\\\/10\\\/vergeving-bestaat-uit-de-bloesemremedies-maskerbloem-en-genadekruid\\\/#breadcrumb\"},\"inLanguage\":\"pt-PT\",\"potentialAction\":[{\"@type\":\"ReadAction\",\"target\":[\"https:\\\/\\\/blog.madeleinemeuwessen.nl\\\/2018\\\/05\\\/10\\\/vergeving-bestaat-uit-de-bloesemremedies-maskerbloem-en-genadekruid\\\/\"]}]},{\"@type\":\"ImageObject\",\"inLanguage\":\"pt-PT\",\"@id\":\"https:\\\/\\\/blog.madeleinemeuwessen.nl\\\/2018\\\/05\\\/10\\\/vergeving-bestaat-uit-de-bloesemremedies-maskerbloem-en-genadekruid\\\/#primaryimage\",\"url\":\"https:\\\/\\\/blog.madeleinemeuwessen.nl\\\/wp-content\\\/uploads\\\/2017\\\/01\\\/maskerbloem.jpg\",\"contentUrl\":\"https:\\\/\\\/blog.madeleinemeuwessen.nl\\\/wp-content\\\/uploads\\\/2017\\\/01\\\/maskerbloem.jpg\",\"width\":400,\"height\":266},{\"@type\":\"BreadcrumbList\",\"@id\":\"https:\\\/\\\/blog.madeleinemeuwessen.nl\\\/2018\\\/05\\\/10\\\/vergeving-bestaat-uit-de-bloesemremedies-maskerbloem-en-genadekruid\\\/#breadcrumb\",\"itemListElement\":[{\"@type\":\"ListItem\",\"position\":1,\"name\":\"Home\",\"item\":\"https:\\\/\\\/blog.madeleinemeuwessen.nl\\\/\"},{\"@type\":\"ListItem\",\"position\":2,\"name\":\"Vergeving, bestaat uit de bloesemremedies Maskerbloem en Genadekruid\"}]},{\"@type\":\"WebSite\",\"@id\":\"https:\\\/\\\/blog.madeleinemeuwessen.nl\\\/ko\\\/#website\",\"url\":\"https:\\\/\\\/blog.madeleinemeuwessen.nl\\\/ko\\\/\",\"name\":\"Madeleine Meuwessen\",\"description\":\"Als je het leven snapt, begrijp je de wereld niet.\",\"potentialAction\":[{\"@type\":\"SearchAction\",\"target\":{\"@type\":\"EntryPoint\",\"urlTemplate\":\"https:\\\/\\\/blog.madeleinemeuwessen.nl\\\/ko\\\/?s={search_term_string}\"},\"query-input\":{\"@type\":\"PropertyValueSpecification\",\"valueRequired\":true,\"valueName\":\"search_term_string\"}}],\"inLanguage\":\"pt-PT\"},{\"@type\":\"Person\",\"@id\":\"https:\\\/\\\/blog.madeleinemeuwessen.nl\\\/ko\\\/#\\\/schema\\\/person\\\/bec97814dfe7825a10b34fdd36706181\",\"name\":\"M. Meuwessen\",\"image\":{\"@type\":\"ImageObject\",\"inLanguage\":\"pt-PT\",\"@id\":\"https:\\\/\\\/secure.gravatar.com\\\/avatar\\\/68bd9698b79bd41856398124d4d3b7223cd303eb0bdd076d414648658c3a48d6?s=96&d=mm&r=g\",\"url\":\"https:\\\/\\\/secure.gravatar.com\\\/avatar\\\/68bd9698b79bd41856398124d4d3b7223cd303eb0bdd076d414648658c3a48d6?s=96&d=mm&r=g\",\"contentUrl\":\"https:\\\/\\\/secure.gravatar.com\\\/avatar\\\/68bd9698b79bd41856398124d4d3b7223cd303eb0bdd076d414648658c3a48d6?s=96&d=mm&r=g\",\"caption\":\"M. Meuwessen\"}}]}<\/script>\n<!-- \/ Yoast SEO plugin. -->","yoast_head_json":{"title":"O perd\u00e3o, consiste nos rem\u00e9dios florais Flor de M\u00e1scara e Flor de Gra\u00e7a - Madeleine Meuwessen","robots":{"index":"index","follow":"follow","max-snippet":"max-snippet:-1","max-image-preview":"max-image-preview:large","max-video-preview":"max-video-preview:-1"},"canonical":"https:\/\/blog.madeleinemeuwessen.nl\/pt\/2018\/05\/10\/o-perdao-consiste-nos-remedios-florais-flor-de-mascara-e-erva-da-graca\/","og_locale":"pt_PT","og_type":"article","og_title":"Vergeving, bestaat uit de bloesemremedies Maskerbloem en Genadekruid - Madeleine Meuwessen","og_description":"De combinatie van Maskerbloem en Genadekruid laat een oud verdriet omhoog komen. Het kan zijn dat je veel moet huilen bij het innemen van deze combinatie-remedie, maar dit huilen lost veel oud zeer op. Deze combinatie werkt als \u00e9\u00e9n bloesemremedie. Hoe ontstaat nu deze gemoedstoestand; 20 februari 2016 heb ik de blog over Duizendblad beschreven [...]","og_url":"https:\/\/blog.madeleinemeuwessen.nl\/pt\/2018\/05\/10\/o-perdao-consiste-nos-remedios-florais-flor-de-mascara-e-erva-da-graca\/","og_site_name":"Madeleine Meuwessen","article_published_time":"2018-05-10T16:14:10+00:00","og_image":[{"width":400,"height":266,"url":"https:\/\/blog.madeleinemeuwessen.nl\/wp-content\/uploads\/2017\/01\/maskerbloem.jpg","type":"image\/jpeg"}],"author":"M. Meuwessen","twitter_card":"summary_large_image","twitter_misc":{"Escrito por":"M. Meuwessen","Tempo estimado de leitura":"5 minutos"},"schema":{"@context":"https:\/\/schema.org","@graph":[{"@type":"Article","@id":"https:\/\/blog.madeleinemeuwessen.nl\/2018\/05\/10\/vergeving-bestaat-uit-de-bloesemremedies-maskerbloem-en-genadekruid\/#article","isPartOf":{"@id":"https:\/\/blog.madeleinemeuwessen.nl\/2018\/05\/10\/vergeving-bestaat-uit-de-bloesemremedies-maskerbloem-en-genadekruid\/"},"author":{"name":"M. Meuwessen","@id":"https:\/\/blog.madeleinemeuwessen.nl\/ko\/#\/schema\/person\/bec97814dfe7825a10b34fdd36706181"},"headline":"Vergeving, bestaat uit de bloesemremedies Maskerbloem en Genadekruid","datePublished":"2018-05-10T16:14:10+00:00","mainEntityOfPage":{"@id":"https:\/\/blog.madeleinemeuwessen.nl\/2018\/05\/10\/vergeving-bestaat-uit-de-bloesemremedies-maskerbloem-en-genadekruid\/"},"wordCount":909,"image":{"@id":"https:\/\/blog.madeleinemeuwessen.nl\/2018\/05\/10\/vergeving-bestaat-uit-de-bloesemremedies-maskerbloem-en-genadekruid\/#primaryimage"},"thumbnailUrl":"https:\/\/blog.madeleinemeuwessen.nl\/wp-content\/uploads\/2017\/01\/maskerbloem.jpg","keywords":["agressie","allergie\u00ebn","boosheid","droge hoest","drukgevoel in de oren","jaloezie","jeuk","lusteloosheid","nervositeit","overgeven","pijn in het scrotum","plotselinge optredende koorts","pukkeltjes of pijn op de rug van de linkerhand","rechterborst gevoeliger dan de linkerborst","rechterkant van de ribben beginnende bij de 3e tussenribruimte","slapeloosheid","slijmvorming in de keel","uitslag","veel gapen","verdrietig","verstopte neus","wazig zien","wraakgevoelens"],"articleSection":["Star Remedies"],"inLanguage":"pt-PT"},{"@type":"WebPage","@id":"https:\/\/blog.madeleinemeuwessen.nl\/2018\/05\/10\/vergeving-bestaat-uit-de-bloesemremedies-maskerbloem-en-genadekruid\/","url":"https:\/\/blog.madeleinemeuwessen.nl\/2018\/05\/10\/vergeving-bestaat-uit-de-bloesemremedies-maskerbloem-en-genadekruid\/","name":"O perd\u00e3o, consiste nos rem\u00e9dios florais Flor de M\u00e1scara e Flor de Gra\u00e7a - Madeleine Meuwessen","isPartOf":{"@id":"https:\/\/blog.madeleinemeuwessen.nl\/ko\/#website"},"primaryImageOfPage":{"@id":"https:\/\/blog.madeleinemeuwessen.nl\/2018\/05\/10\/vergeving-bestaat-uit-de-bloesemremedies-maskerbloem-en-genadekruid\/#primaryimage"},"image":{"@id":"https:\/\/blog.madeleinemeuwessen.nl\/2018\/05\/10\/vergeving-bestaat-uit-de-bloesemremedies-maskerbloem-en-genadekruid\/#primaryimage"},"thumbnailUrl":"https:\/\/blog.madeleinemeuwessen.nl\/wp-content\/uploads\/2017\/01\/maskerbloem.jpg","datePublished":"2018-05-10T16:14:10+00:00","author":{"@id":"https:\/\/blog.madeleinemeuwessen.nl\/ko\/#\/schema\/person\/bec97814dfe7825a10b34fdd36706181"},"breadcrumb":{"@id":"https:\/\/blog.madeleinemeuwessen.nl\/2018\/05\/10\/vergeving-bestaat-uit-de-bloesemremedies-maskerbloem-en-genadekruid\/#breadcrumb"},"inLanguage":"pt-PT","potentialAction":[{"@type":"ReadAction","target":["https:\/\/blog.madeleinemeuwessen.nl\/2018\/05\/10\/vergeving-bestaat-uit-de-bloesemremedies-maskerbloem-en-genadekruid\/"]}]},{"@type":"ImageObject","inLanguage":"pt-PT","@id":"https:\/\/blog.madeleinemeuwessen.nl\/2018\/05\/10\/vergeving-bestaat-uit-de-bloesemremedies-maskerbloem-en-genadekruid\/#primaryimage","url":"https:\/\/blog.madeleinemeuwessen.nl\/wp-content\/uploads\/2017\/01\/maskerbloem.jpg","contentUrl":"https:\/\/blog.madeleinemeuwessen.nl\/wp-content\/uploads\/2017\/01\/maskerbloem.jpg","width":400,"height":266},{"@type":"BreadcrumbList","@id":"https:\/\/blog.madeleinemeuwessen.nl\/2018\/05\/10\/vergeving-bestaat-uit-de-bloesemremedies-maskerbloem-en-genadekruid\/#breadcrumb","itemListElement":[{"@type":"ListItem","position":1,"name":"Home","item":"https:\/\/blog.madeleinemeuwessen.nl\/"},{"@type":"ListItem","position":2,"name":"Vergeving, bestaat uit de bloesemremedies Maskerbloem en Genadekruid"}]},{"@type":"WebSite","@id":"https:\/\/blog.madeleinemeuwessen.nl\/ko\/#website","url":"https:\/\/blog.madeleinemeuwessen.nl\/ko\/","name":"Madeleine Meuwessen","description":"Se compreenderes a vida, n\u00e3o compreendes o mundo.","potentialAction":[{"@type":"SearchAction","target":{"@type":"EntryPoint","urlTemplate":"https:\/\/blog.madeleinemeuwessen.nl\/ko\/?s={search_term_string}"},"query-input":{"@type":"PropertyValueSpecification","valueRequired":true,"valueName":"search_term_string"}}],"inLanguage":"pt-PT"},{"@type":"Person","@id":"https:\/\/blog.madeleinemeuwessen.nl\/ko\/#\/schema\/person\/bec97814dfe7825a10b34fdd36706181","name":"M. Meuwessen","image":{"@type":"ImageObject","inLanguage":"pt-PT","@id":"https:\/\/secure.gravatar.com\/avatar\/68bd9698b79bd41856398124d4d3b7223cd303eb0bdd076d414648658c3a48d6?s=96&d=mm&r=g","url":"https:\/\/secure.gravatar.com\/avatar\/68bd9698b79bd41856398124d4d3b7223cd303eb0bdd076d414648658c3a48d6?s=96&d=mm&r=g","contentUrl":"https:\/\/secure.gravatar.com\/avatar\/68bd9698b79bd41856398124d4d3b7223cd303eb0bdd076d414648658c3a48d6?s=96&d=mm&r=g","caption":"M. Meuwessen"}}]}},"_links":{"self":[{"href":"https:\/\/blog.madeleinemeuwessen.nl\/pt\/wp-json\/wp\/v2\/posts\/1242","targetHints":{"allow":["GET"]}}],"collection":[{"href":"https:\/\/blog.madeleinemeuwessen.nl\/pt\/wp-json\/wp\/v2\/posts"}],"about":[{"href":"https:\/\/blog.madeleinemeuwessen.nl\/pt\/wp-json\/wp\/v2\/types\/post"}],"author":[{"embeddable":true,"href":"https:\/\/blog.madeleinemeuwessen.nl\/pt\/wp-json\/wp\/v2\/users\/4"}],"replies":[{"embeddable":true,"href":"https:\/\/blog.madeleinemeuwessen.nl\/pt\/wp-json\/wp\/v2\/comments?post=1242"}],"version-history":[{"count":5,"href":"https:\/\/blog.madeleinemeuwessen.nl\/pt\/wp-json\/wp\/v2\/posts\/1242\/revisions"}],"predecessor-version":[{"id":1264,"href":"https:\/\/blog.madeleinemeuwessen.nl\/pt\/wp-json\/wp\/v2\/posts\/1242\/revisions\/1264"}],"wp:featuredmedia":[{"embeddable":true,"href":"https:\/\/blog.madeleinemeuwessen.nl\/pt\/wp-json\/wp\/v2\/media\/696"}],"wp:attachment":[{"href":"https:\/\/blog.madeleinemeuwessen.nl\/pt\/wp-json\/wp\/v2\/media?parent=1242"}],"wp:term":[{"taxonomy":"category","embeddable":true,"href":"https:\/\/blog.madeleinemeuwessen.nl\/pt\/wp-json\/wp\/v2\/categories?post=1242"},{"taxonomy":"post_tag","embeddable":true,"href":"https:\/\/blog.madeleinemeuwessen.nl\/pt\/wp-json\/wp\/v2\/tags?post=1242"}],"curies":[{"name":"wp","href":"https:\/\/api.w.org\/{rel}","templated":true}]}}