
{"id":1116,"date":"2017-10-21T10:09:20","date_gmt":"2017-10-21T09:09:20","guid":{"rendered":"https:\/\/blog.madeleinemeuwessen.nl\/?p=1116"},"modified":"2017-10-21T10:09:20","modified_gmt":"2017-10-21T09:09:20","slug":"e-quando-e-que-a-corrente-principal-e-a-complementar-vao-finalmente-trabalhar-em-conjunto-parte-iv","status":"publish","type":"post","link":"https:\/\/blog.madeleinemeuwessen.nl\/pt\/2017\/10\/21\/en-wanneer-gaan-regulier-en-complementair-eindelijk-samenwerken-deel-iv\/","title":{"rendered":"Onde e quando \u00e9 que a corrente principal e a complementar come\u00e7ar\u00e3o finalmente a trabalhar em conjunto???? Parte IV"},"content":{"rendered":"<p><strong>Onde e quando \u00e9 que a corrente principal e a complementar come\u00e7ar\u00e3o finalmente a trabalhar em conjunto????<\/strong><\/p>\n<p>Como sabem, j\u00e1 dediquei blogues sobre colabora\u00e7\u00e3o regular e complementar, nomeadamente (16-04-2017, 23-04-2017 e 14-05-2017).<\/p>\n<p>As pessoas que me conhecem h\u00e1 muito tempo sabem que, se eu fosse jovem agora... s\u00f3 tenho 17 anos (oh n\u00e3o... 71), estudaria epigen\u00e9tica.<\/p>\n<p><em>O que \u00e9 a epigen\u00e9tica?<br \/>\nA epigen\u00e9tica \u00e9 a disciplina da gen\u00e9tica que estuda a influ\u00eancia das altera\u00e7\u00f5es heredit\u00e1rias revers\u00edveis que ocorrem no comportamento de uma c\u00e9lula sem altera\u00e7\u00f5es na sequ\u00eancia (ordem dos pares de bases) do ADN no n\u00facleo da c\u00e9lula. Estuda tamb\u00e9m os processos que afectam o desenvolvimento de um organismo. Em ambos os casos, estuda a forma como a informa\u00e7\u00e3o reguladora dos genes, que n\u00e3o \u00e9 expressa no seu gen\u00f3tipo, \u00e9, no entanto, transmitida de uma gera\u00e7\u00e3o para a seguinte. Este tipo de regula\u00e7\u00e3o pode ter como alvo o ADN, o ARN ou as prote\u00ednas e actua ao n\u00edvel do n\u00facleo ou do citoplasma da c\u00e9lula. Os nucleossomas desempenham aqui um papel importante.<br \/>\n<\/em><\/p>\n<p>E a frase acima \u00e9 um bocado longa. Nas minhas palavras: sempre achei que, de alguma forma, se pode ligar ou desligar os genes. Que os estados de esp\u00edrito desempenham um papel importante neste processo. E que os rem\u00e9dios florais t\u00eam um papel importante nisso. Tal como os rem\u00e9dios florais t\u00eam um grande impacto nas redes neuronais.<br \/>\nTamb\u00e9m digo sempre que trabalho com rem\u00e9dios para resolver queixas cr\u00f3nicas. N\u00e3o dou a algu\u00e9m \"umas gotas\" e est\u00e1 resolvido. Tamb\u00e9m n\u00e3o uso rem\u00e9dios como um \"suplemento\" para ....???? \u00c9 uma terapia aut\u00f3noma. Trabalhar com rem\u00e9dios da forma como eu (e muitos terapeutas comigo) o fa\u00e7o faz com que as redes neuronais se alterem.<\/p>\n<p><em>Uma explica\u00e7\u00e3o simples:<\/em>\u00a0<strong>\u201c<\/strong>O Tio Patinhas anda em c\u00edrculos no seu armaz\u00e9m de dinheiro. N\u00e3o se v\u00ea uma volta. No entanto, se o pato Dagoberto come\u00e7ar a dar v\u00e1rias voltas e, portanto, mais frequentes (porque est\u00e1 novamente preocupado com alguma coisa), v\u00ea-se um rasto a formar-se no seu pouco dinheiro. Se algu\u00e9m n\u00e3o se sente bem h\u00e1 muito tempo, por exemplo, devido a uma depress\u00e3o end\u00f3gena ou se tem demasiadas coisas para fazer, esse \"rasto\" come\u00e7a a formar-se nas redes neuronais, que se refor\u00e7am e aprofundam repetidamente; as liga\u00e7\u00f5es formadas durante um longo per\u00edodo de tempo, tal como os rastos do Tio Patinhas no seu armaz\u00e9m, s\u00e3o muito profundas e est\u00e3o firmemente ligadas umas \u00e0s outras. No armaz\u00e9m de dinheiro do Pato Dagoberto, a forma\u00e7\u00e3o do seu c\u00edrculo tornou-se t\u00e3o concreta que n\u00e3o pode ser nivelada de forma simples e r\u00e1pida. Isto exige, mais uma vez, muito tempo para preencher\/alterar este caminho formado no seu armaz\u00e9m.<strong>\u201c<\/strong><\/p>\n<p>Assim, os padr\u00f5es e as formas (usando como exemplo a famosa corrida do Pato Dagoberto no seu armaz\u00e9m) que est\u00e3o presentes h\u00e1 muito tempo t\u00eam liga\u00e7\u00f5es muito fortes entre si a n\u00edvel neural; <em><strong>neur\u00f3nios que disparam juntos, trabalham juntos<\/strong><\/em>.<br \/>\nAlgo que est\u00e1 presente h\u00e1 muito tempo n\u00e3o desaparece com algumas gotas, n\u00e3o... come\u00e7a-se a trabalhar com os rem\u00e9dios florais \"passo a passo\" (ap\u00f3s uma anamnese extensa). E esse \u00e9 um processo que pode levar mais tempo, o que, mais uma vez, tem a ver com a flexibilidade da rede neural e com a tens\u00e3o que as pessoas carregam.<br \/>\nVoltarei a este assunto mais tarde.<\/p>\n<p>Mas o que \u00e9 que isso tem a ver com a Parte IV?<\/p>\n<p>Estava no carro e ouvi uma entrevista de Pierre Capel, professor em\u00e9rito de imunologia experimental na Universidade de Utrecht. Isso atraiu-me tanto que encomendei imediatamente o seu livro. Recebi-o no dia seguinte e n\u00e3o parei at\u00e9 o esgotar. O livro est\u00e1 cheio de notas porque encontrei muitas semelhan\u00e7as entre o que ele escreve e o que eu \"sei\" e a minha forma de trabalhar. Um exemplo: Pierre Capel escreve sobre a resposta ao stress no cap\u00edtulo 6. A afirma\u00e7\u00e3o \"um pouco de stress n\u00e3o faz mal\" \u00e9 absolutamente correta, desde que se trate de stress agudo (nesse caso, tamb\u00e9m se pode tomar uma solu\u00e7\u00e3o de \u00e1gua com o rem\u00e9dio certo), mas o stress cr\u00f3nico \u00e9 um verdadeiro assassino. O que ele descreve neste cap\u00edtulo e os sintomas que da\u00ed adv\u00eam, eu digo exatamente o mesmo na nossa forma\u00e7\u00e3o. \u00c9 muito semelhante. Ent\u00e3o, compreende-se que eu estava completamente de rastos. Ele tamb\u00e9m descreve, por exemplo, no cap\u00edtulo 20 \"Os sentimentos n\u00e3o existem, eles surgem\": que a medicina concentra a sua aten\u00e7\u00e3o principalmente no pensamento reducionista. E que, no campo das intera\u00e7\u00f5es entre sistemas, surgem processos e for\u00e7as que n\u00e3o s\u00e3o ou s\u00e3o pouco reconhecidos na medicina cl\u00e1ssica.<br \/>\nN\u00e3o quero acrescentar mais nada nem interpretar o livro \u00e0 minha maneira. Quero apenas dizer-vos que as reflex\u00f5es que Pierre Capel descreve neste livro aqueceram o meu cora\u00e7\u00e3o e que encontrei muito reconhecimento.<br \/>\nTamb\u00e9m entrei imediatamente em contacto. Haver\u00e1 mais contactos. Sei que ele vir\u00e1 a um Curso de Aprofundamento no final de 2018 ou in\u00edcio de 2019 (n\u00e3o h\u00e1 novo curso antes disso) para explicar mais.<br \/>\nColocamos imediatamente o seu livro \u00e0 venda e podemos tamb\u00e9m oferecer 5 exemplares.<\/p>\n<p>N\u00e3o \u00e9 uma leitura muito f\u00e1cil....mas que leitura!<\/p>\n<p>Madeleine Meuwessen<\/p>\n<p><strong>O ADN emocional<\/strong><br \/>\n<em><strong>Os sentimentos n\u00e3o existem, eles surgem<\/strong><br \/>\n<\/em><em><img decoding=\"async\" class=\"alignright wp-image-1118\" src=\"https:\/\/blog.madeleinemeuwessen.nl\/wp-content\/uploads\/2017\/10\/pierre-capel-het-emotionele-dna.jpg\" alt=\"\" width=\"241\" height=\"332\" \/><\/em><em>Quando falamos dos nossos sentimentos, normalmente conseguimos descrev\u00ea-los com exatid\u00e3o. Mas muitas vezes n\u00e3o sabemos como surgem, de onde v\u00eam e, mais importante ainda, o que nos fazem. Os sentimentos rodopiam pelo nosso corpo como um nevoeiro. No entanto, est\u00e1 a tornar-se cada vez mais claro que os sentimentos est\u00e3o ligados a uma bioqu\u00edmica muito dura. N\u00e3o s\u00f3 afectam o aparecimento e o curso das doen\u00e7as, como tamb\u00e9m determinam a sa\u00fade e at\u00e9 mesmo o nosso tempo de vida.<\/em><\/p>\n<p><em>Com base em estudos exaustivos, Pierre Capel explica com uma clareza espantosa como os sentimentos determinam a nossa sa\u00fade e como podemos influenci\u00e1-los, melhorando assim a nossa qualidade de vida. Na nossa cultura, pensamos que somos sobretudo seres racionais, mas ser\u00e1 que isso \u00e9 realmente verdade? Os sentimentos positivos e negativos t\u00eam um efeito incrivelmente forte na ocorr\u00eancia e no curso de todo o tipo de doen\u00e7as, como a infertilidade, a arteriosclerose, a depress\u00e3o, os tumores, a diabetes, etc., mas tamb\u00e9m em sintomas como a dor e a ansiedade. O desporto, o ioga e a medita\u00e7\u00e3o podem trazer enormes mudan\u00e7as positivas a este respeito. ADN Emocional combina o mundo m\u00e1gico dos sentimentos com a biologia molecular; um mundo que se revela surpreendentemente claro e despido de preconceitos existentes neste livro fascinante.<\/em><\/p>\n<p><em>Pierre Capel \u00e9 professor em\u00e9rito de imunologia experimental na Universidade de Utrecht. Para al\u00e9m de anos de investiga\u00e7\u00e3o biol\u00f3gica fundamental e molecular no dom\u00ednio da imunologia, trabalhou tamb\u00e9m no desenvolvimento de novas terapias e conhecimentos no dom\u00ednio do transplante de medula \u00f3ssea e de rim e no desenvolvimento de imunoterapias baseadas em anticorpos. Nos \u00faltimos anos, tem estudado o contexto bioqu\u00edmico do desporto, do ioga e da medita\u00e7\u00e3o. Realiza regularmente confer\u00eancias e palestras sobre este tema no pa\u00eds e no estrangeiro.<\/em><\/p>\n<p>&nbsp;<\/p>","protected":false},"excerpt":{"rendered":"<p>Waar en wanneer gaan regulier en complementair eindelijk samenwerken??? Zoals jullie weten heb ik over samenwerking regulier en complementair al blogs gewijd te weten (16-04-2017, 23-04-2017 en 14-05-2017). De mensen, die mij al lang kennen, weten dat als ik nu jong zou zijn&#8230;ben pas 17 (oh nee&#8230;71) ik epigenetica zou gaan studeren. Wat is epigenetica? [&#8230;]\n","protected":false},"author":4,"featured_media":1118,"comment_status":"closed","ping_status":"closed","sticky":false,"template":"","format":"standard","meta":{"footnotes":""},"categories":[3],"tags":[],"class_list":["post-1116","post","type-post","status-publish","format-standard","has-post-thumbnail","hentry","category-star-remedies"],"yoast_head":"<!-- This site is optimized with the Yoast SEO plugin v27.5 - https:\/\/yoast.com\/product\/yoast-seo-wordpress\/ -->\n<title>Waar en wanneer gaan regulier en complementair eindelijk samenwerken??? Deel IV - Madeleine Meuwessen<\/title>\n<meta name=\"robots\" content=\"index, follow, max-snippet:-1, max-image-preview:large, max-video-preview:-1\" \/>\n<link rel=\"canonical\" href=\"https:\/\/blog.madeleinemeuwessen.nl\/pt\/2017\/10\/21\/e-quando-e-que-a-corrente-principal-e-a-complementar-vao-finalmente-trabalhar-em-conjunto-parte-iv\/\" \/>\n<meta property=\"og:locale\" content=\"pt_PT\" \/>\n<meta property=\"og:type\" content=\"article\" \/>\n<meta property=\"og:title\" content=\"Waar en wanneer gaan regulier en complementair eindelijk samenwerken??? Deel IV - Madeleine Meuwessen\" \/>\n<meta property=\"og:description\" content=\"Waar en wanneer gaan regulier en complementair eindelijk samenwerken??? Zoals jullie weten heb ik over samenwerking regulier en complementair al blogs gewijd te weten (16-04-2017, 23-04-2017 en 14-05-2017). De mensen, die mij al lang kennen, weten dat als ik nu jong zou zijn&#8230;ben pas 17 (oh nee&#8230;71) ik epigenetica zou gaan studeren. Wat is epigenetica? [...]\" \/>\n<meta property=\"og:url\" content=\"https:\/\/blog.madeleinemeuwessen.nl\/pt\/2017\/10\/21\/e-quando-e-que-a-corrente-principal-e-a-complementar-vao-finalmente-trabalhar-em-conjunto-parte-iv\/\" \/>\n<meta property=\"og:site_name\" content=\"Madeleine Meuwessen\" \/>\n<meta property=\"article:published_time\" content=\"2017-10-21T09:09:20+00:00\" \/>\n<meta property=\"og:image\" content=\"https:\/\/blog.madeleinemeuwessen.nl\/wp-content\/uploads\/2017\/10\/pierre-capel-het-emotionele-dna.jpg\" \/>\n\t<meta property=\"og:image:width\" content=\"425\" \/>\n\t<meta property=\"og:image:height\" content=\"652\" \/>\n\t<meta property=\"og:image:type\" content=\"image\/jpeg\" \/>\n<meta name=\"author\" content=\"M. Meuwessen\" \/>\n<meta name=\"twitter:card\" content=\"summary_large_image\" \/>\n<meta name=\"twitter:label1\" content=\"Escrito por\" \/>\n\t<meta name=\"twitter:data1\" content=\"M. Meuwessen\" \/>\n\t<meta name=\"twitter:label2\" content=\"Tempo estimado de leitura\" \/>\n\t<meta name=\"twitter:data2\" content=\"6 minutos\" \/>\n<script type=\"application\/ld+json\" class=\"yoast-schema-graph\">{\"@context\":\"https:\\\/\\\/schema.org\",\"@graph\":[{\"@type\":\"Article\",\"@id\":\"https:\\\/\\\/blog.madeleinemeuwessen.nl\\\/2017\\\/10\\\/21\\\/en-wanneer-gaan-regulier-en-complementair-eindelijk-samenwerken-deel-iv\\\/#article\",\"isPartOf\":{\"@id\":\"https:\\\/\\\/blog.madeleinemeuwessen.nl\\\/2017\\\/10\\\/21\\\/en-wanneer-gaan-regulier-en-complementair-eindelijk-samenwerken-deel-iv\\\/\"},\"author\":{\"name\":\"M. Meuwessen\",\"@id\":\"https:\\\/\\\/blog.madeleinemeuwessen.nl\\\/ko\\\/#\\\/schema\\\/person\\\/bec97814dfe7825a10b34fdd36706181\"},\"headline\":\"Waar en wanneer gaan regulier en complementair eindelijk samenwerken??? Deel IV\",\"datePublished\":\"2017-10-21T09:09:20+00:00\",\"mainEntityOfPage\":{\"@id\":\"https:\\\/\\\/blog.madeleinemeuwessen.nl\\\/2017\\\/10\\\/21\\\/en-wanneer-gaan-regulier-en-complementair-eindelijk-samenwerken-deel-iv\\\/\"},\"wordCount\":1163,\"image\":{\"@id\":\"https:\\\/\\\/blog.madeleinemeuwessen.nl\\\/2017\\\/10\\\/21\\\/en-wanneer-gaan-regulier-en-complementair-eindelijk-samenwerken-deel-iv\\\/#primaryimage\"},\"thumbnailUrl\":\"https:\\\/\\\/blog.madeleinemeuwessen.nl\\\/wp-content\\\/uploads\\\/2017\\\/10\\\/pierre-capel-het-emotionele-dna.jpg\",\"articleSection\":[\"Star Remedies\"],\"inLanguage\":\"pt-PT\"},{\"@type\":\"WebPage\",\"@id\":\"https:\\\/\\\/blog.madeleinemeuwessen.nl\\\/2017\\\/10\\\/21\\\/en-wanneer-gaan-regulier-en-complementair-eindelijk-samenwerken-deel-iv\\\/\",\"url\":\"https:\\\/\\\/blog.madeleinemeuwessen.nl\\\/2017\\\/10\\\/21\\\/en-wanneer-gaan-regulier-en-complementair-eindelijk-samenwerken-deel-iv\\\/\",\"name\":\"Waar en wanneer gaan regulier en complementair eindelijk samenwerken??? Deel IV - Madeleine Meuwessen\",\"isPartOf\":{\"@id\":\"https:\\\/\\\/blog.madeleinemeuwessen.nl\\\/ko\\\/#website\"},\"primaryImageOfPage\":{\"@id\":\"https:\\\/\\\/blog.madeleinemeuwessen.nl\\\/2017\\\/10\\\/21\\\/en-wanneer-gaan-regulier-en-complementair-eindelijk-samenwerken-deel-iv\\\/#primaryimage\"},\"image\":{\"@id\":\"https:\\\/\\\/blog.madeleinemeuwessen.nl\\\/2017\\\/10\\\/21\\\/en-wanneer-gaan-regulier-en-complementair-eindelijk-samenwerken-deel-iv\\\/#primaryimage\"},\"thumbnailUrl\":\"https:\\\/\\\/blog.madeleinemeuwessen.nl\\\/wp-content\\\/uploads\\\/2017\\\/10\\\/pierre-capel-het-emotionele-dna.jpg\",\"datePublished\":\"2017-10-21T09:09:20+00:00\",\"author\":{\"@id\":\"https:\\\/\\\/blog.madeleinemeuwessen.nl\\\/ko\\\/#\\\/schema\\\/person\\\/bec97814dfe7825a10b34fdd36706181\"},\"breadcrumb\":{\"@id\":\"https:\\\/\\\/blog.madeleinemeuwessen.nl\\\/2017\\\/10\\\/21\\\/en-wanneer-gaan-regulier-en-complementair-eindelijk-samenwerken-deel-iv\\\/#breadcrumb\"},\"inLanguage\":\"pt-PT\",\"potentialAction\":[{\"@type\":\"ReadAction\",\"target\":[\"https:\\\/\\\/blog.madeleinemeuwessen.nl\\\/2017\\\/10\\\/21\\\/en-wanneer-gaan-regulier-en-complementair-eindelijk-samenwerken-deel-iv\\\/\"]}]},{\"@type\":\"ImageObject\",\"inLanguage\":\"pt-PT\",\"@id\":\"https:\\\/\\\/blog.madeleinemeuwessen.nl\\\/2017\\\/10\\\/21\\\/en-wanneer-gaan-regulier-en-complementair-eindelijk-samenwerken-deel-iv\\\/#primaryimage\",\"url\":\"https:\\\/\\\/blog.madeleinemeuwessen.nl\\\/wp-content\\\/uploads\\\/2017\\\/10\\\/pierre-capel-het-emotionele-dna.jpg\",\"contentUrl\":\"https:\\\/\\\/blog.madeleinemeuwessen.nl\\\/wp-content\\\/uploads\\\/2017\\\/10\\\/pierre-capel-het-emotionele-dna.jpg\",\"width\":425,\"height\":652},{\"@type\":\"BreadcrumbList\",\"@id\":\"https:\\\/\\\/blog.madeleinemeuwessen.nl\\\/2017\\\/10\\\/21\\\/en-wanneer-gaan-regulier-en-complementair-eindelijk-samenwerken-deel-iv\\\/#breadcrumb\",\"itemListElement\":[{\"@type\":\"ListItem\",\"position\":1,\"name\":\"Home\",\"item\":\"https:\\\/\\\/blog.madeleinemeuwessen.nl\\\/\"},{\"@type\":\"ListItem\",\"position\":2,\"name\":\"Waar en wanneer gaan regulier en complementair eindelijk samenwerken??? Deel IV\"}]},{\"@type\":\"WebSite\",\"@id\":\"https:\\\/\\\/blog.madeleinemeuwessen.nl\\\/ko\\\/#website\",\"url\":\"https:\\\/\\\/blog.madeleinemeuwessen.nl\\\/ko\\\/\",\"name\":\"Madeleine Meuwessen\",\"description\":\"Als je het leven snapt, begrijp je de wereld niet.\",\"potentialAction\":[{\"@type\":\"SearchAction\",\"target\":{\"@type\":\"EntryPoint\",\"urlTemplate\":\"https:\\\/\\\/blog.madeleinemeuwessen.nl\\\/ko\\\/?s={search_term_string}\"},\"query-input\":{\"@type\":\"PropertyValueSpecification\",\"valueRequired\":true,\"valueName\":\"search_term_string\"}}],\"inLanguage\":\"pt-PT\"},{\"@type\":\"Person\",\"@id\":\"https:\\\/\\\/blog.madeleinemeuwessen.nl\\\/ko\\\/#\\\/schema\\\/person\\\/bec97814dfe7825a10b34fdd36706181\",\"name\":\"M. Meuwessen\",\"image\":{\"@type\":\"ImageObject\",\"inLanguage\":\"pt-PT\",\"@id\":\"https:\\\/\\\/secure.gravatar.com\\\/avatar\\\/68bd9698b79bd41856398124d4d3b7223cd303eb0bdd076d414648658c3a48d6?s=96&d=mm&r=g\",\"url\":\"https:\\\/\\\/secure.gravatar.com\\\/avatar\\\/68bd9698b79bd41856398124d4d3b7223cd303eb0bdd076d414648658c3a48d6?s=96&d=mm&r=g\",\"contentUrl\":\"https:\\\/\\\/secure.gravatar.com\\\/avatar\\\/68bd9698b79bd41856398124d4d3b7223cd303eb0bdd076d414648658c3a48d6?s=96&d=mm&r=g\",\"caption\":\"M. Meuwessen\"}}]}<\/script>\n<!-- \/ Yoast SEO plugin. -->","yoast_head_json":{"title":"Onde e quando \u00e9 que a corrente principal e a complementar come\u00e7ar\u00e3o finalmente a trabalhar em conjunto???? Parte IV - Madeleine Meuwessen","robots":{"index":"index","follow":"follow","max-snippet":"max-snippet:-1","max-image-preview":"max-image-preview:large","max-video-preview":"max-video-preview:-1"},"canonical":"https:\/\/blog.madeleinemeuwessen.nl\/pt\/2017\/10\/21\/e-quando-e-que-a-corrente-principal-e-a-complementar-vao-finalmente-trabalhar-em-conjunto-parte-iv\/","og_locale":"pt_PT","og_type":"article","og_title":"Waar en wanneer gaan regulier en complementair eindelijk samenwerken??? Deel IV - Madeleine Meuwessen","og_description":"Waar en wanneer gaan regulier en complementair eindelijk samenwerken??? Zoals jullie weten heb ik over samenwerking regulier en complementair al blogs gewijd te weten (16-04-2017, 23-04-2017 en 14-05-2017). De mensen, die mij al lang kennen, weten dat als ik nu jong zou zijn&#8230;ben pas 17 (oh nee&#8230;71) ik epigenetica zou gaan studeren. Wat is epigenetica? [...]","og_url":"https:\/\/blog.madeleinemeuwessen.nl\/pt\/2017\/10\/21\/e-quando-e-que-a-corrente-principal-e-a-complementar-vao-finalmente-trabalhar-em-conjunto-parte-iv\/","og_site_name":"Madeleine Meuwessen","article_published_time":"2017-10-21T09:09:20+00:00","og_image":[{"width":425,"height":652,"url":"https:\/\/blog.madeleinemeuwessen.nl\/wp-content\/uploads\/2017\/10\/pierre-capel-het-emotionele-dna.jpg","type":"image\/jpeg"}],"author":"M. Meuwessen","twitter_card":"summary_large_image","twitter_misc":{"Escrito por":"M. Meuwessen","Tempo estimado de leitura":"6 minutos"},"schema":{"@context":"https:\/\/schema.org","@graph":[{"@type":"Article","@id":"https:\/\/blog.madeleinemeuwessen.nl\/2017\/10\/21\/en-wanneer-gaan-regulier-en-complementair-eindelijk-samenwerken-deel-iv\/#article","isPartOf":{"@id":"https:\/\/blog.madeleinemeuwessen.nl\/2017\/10\/21\/en-wanneer-gaan-regulier-en-complementair-eindelijk-samenwerken-deel-iv\/"},"author":{"name":"M. Meuwessen","@id":"https:\/\/blog.madeleinemeuwessen.nl\/ko\/#\/schema\/person\/bec97814dfe7825a10b34fdd36706181"},"headline":"Waar en wanneer gaan regulier en complementair eindelijk samenwerken??? Deel IV","datePublished":"2017-10-21T09:09:20+00:00","mainEntityOfPage":{"@id":"https:\/\/blog.madeleinemeuwessen.nl\/2017\/10\/21\/en-wanneer-gaan-regulier-en-complementair-eindelijk-samenwerken-deel-iv\/"},"wordCount":1163,"image":{"@id":"https:\/\/blog.madeleinemeuwessen.nl\/2017\/10\/21\/en-wanneer-gaan-regulier-en-complementair-eindelijk-samenwerken-deel-iv\/#primaryimage"},"thumbnailUrl":"https:\/\/blog.madeleinemeuwessen.nl\/wp-content\/uploads\/2017\/10\/pierre-capel-het-emotionele-dna.jpg","articleSection":["Star Remedies"],"inLanguage":"pt-PT"},{"@type":"WebPage","@id":"https:\/\/blog.madeleinemeuwessen.nl\/2017\/10\/21\/en-wanneer-gaan-regulier-en-complementair-eindelijk-samenwerken-deel-iv\/","url":"https:\/\/blog.madeleinemeuwessen.nl\/2017\/10\/21\/en-wanneer-gaan-regulier-en-complementair-eindelijk-samenwerken-deel-iv\/","name":"Onde e quando \u00e9 que a corrente principal e a complementar come\u00e7ar\u00e3o finalmente a trabalhar em conjunto???? Parte IV - Madeleine Meuwessen","isPartOf":{"@id":"https:\/\/blog.madeleinemeuwessen.nl\/ko\/#website"},"primaryImageOfPage":{"@id":"https:\/\/blog.madeleinemeuwessen.nl\/2017\/10\/21\/en-wanneer-gaan-regulier-en-complementair-eindelijk-samenwerken-deel-iv\/#primaryimage"},"image":{"@id":"https:\/\/blog.madeleinemeuwessen.nl\/2017\/10\/21\/en-wanneer-gaan-regulier-en-complementair-eindelijk-samenwerken-deel-iv\/#primaryimage"},"thumbnailUrl":"https:\/\/blog.madeleinemeuwessen.nl\/wp-content\/uploads\/2017\/10\/pierre-capel-het-emotionele-dna.jpg","datePublished":"2017-10-21T09:09:20+00:00","author":{"@id":"https:\/\/blog.madeleinemeuwessen.nl\/ko\/#\/schema\/person\/bec97814dfe7825a10b34fdd36706181"},"breadcrumb":{"@id":"https:\/\/blog.madeleinemeuwessen.nl\/2017\/10\/21\/en-wanneer-gaan-regulier-en-complementair-eindelijk-samenwerken-deel-iv\/#breadcrumb"},"inLanguage":"pt-PT","potentialAction":[{"@type":"ReadAction","target":["https:\/\/blog.madeleinemeuwessen.nl\/2017\/10\/21\/en-wanneer-gaan-regulier-en-complementair-eindelijk-samenwerken-deel-iv\/"]}]},{"@type":"ImageObject","inLanguage":"pt-PT","@id":"https:\/\/blog.madeleinemeuwessen.nl\/2017\/10\/21\/en-wanneer-gaan-regulier-en-complementair-eindelijk-samenwerken-deel-iv\/#primaryimage","url":"https:\/\/blog.madeleinemeuwessen.nl\/wp-content\/uploads\/2017\/10\/pierre-capel-het-emotionele-dna.jpg","contentUrl":"https:\/\/blog.madeleinemeuwessen.nl\/wp-content\/uploads\/2017\/10\/pierre-capel-het-emotionele-dna.jpg","width":425,"height":652},{"@type":"BreadcrumbList","@id":"https:\/\/blog.madeleinemeuwessen.nl\/2017\/10\/21\/en-wanneer-gaan-regulier-en-complementair-eindelijk-samenwerken-deel-iv\/#breadcrumb","itemListElement":[{"@type":"ListItem","position":1,"name":"Home","item":"https:\/\/blog.madeleinemeuwessen.nl\/"},{"@type":"ListItem","position":2,"name":"Waar en wanneer gaan regulier en complementair eindelijk samenwerken??? Deel IV"}]},{"@type":"WebSite","@id":"https:\/\/blog.madeleinemeuwessen.nl\/ko\/#website","url":"https:\/\/blog.madeleinemeuwessen.nl\/ko\/","name":"Madeleine Meuwessen","description":"Se compreenderes a vida, n\u00e3o compreendes o mundo.","potentialAction":[{"@type":"SearchAction","target":{"@type":"EntryPoint","urlTemplate":"https:\/\/blog.madeleinemeuwessen.nl\/ko\/?s={search_term_string}"},"query-input":{"@type":"PropertyValueSpecification","valueRequired":true,"valueName":"search_term_string"}}],"inLanguage":"pt-PT"},{"@type":"Person","@id":"https:\/\/blog.madeleinemeuwessen.nl\/ko\/#\/schema\/person\/bec97814dfe7825a10b34fdd36706181","name":"M. Meuwessen","image":{"@type":"ImageObject","inLanguage":"pt-PT","@id":"https:\/\/secure.gravatar.com\/avatar\/68bd9698b79bd41856398124d4d3b7223cd303eb0bdd076d414648658c3a48d6?s=96&d=mm&r=g","url":"https:\/\/secure.gravatar.com\/avatar\/68bd9698b79bd41856398124d4d3b7223cd303eb0bdd076d414648658c3a48d6?s=96&d=mm&r=g","contentUrl":"https:\/\/secure.gravatar.com\/avatar\/68bd9698b79bd41856398124d4d3b7223cd303eb0bdd076d414648658c3a48d6?s=96&d=mm&r=g","caption":"M. Meuwessen"}}]}},"_links":{"self":[{"href":"https:\/\/blog.madeleinemeuwessen.nl\/pt\/wp-json\/wp\/v2\/posts\/1116","targetHints":{"allow":["GET"]}}],"collection":[{"href":"https:\/\/blog.madeleinemeuwessen.nl\/pt\/wp-json\/wp\/v2\/posts"}],"about":[{"href":"https:\/\/blog.madeleinemeuwessen.nl\/pt\/wp-json\/wp\/v2\/types\/post"}],"author":[{"embeddable":true,"href":"https:\/\/blog.madeleinemeuwessen.nl\/pt\/wp-json\/wp\/v2\/users\/4"}],"replies":[{"embeddable":true,"href":"https:\/\/blog.madeleinemeuwessen.nl\/pt\/wp-json\/wp\/v2\/comments?post=1116"}],"version-history":[{"count":5,"href":"https:\/\/blog.madeleinemeuwessen.nl\/pt\/wp-json\/wp\/v2\/posts\/1116\/revisions"}],"predecessor-version":[{"id":1138,"href":"https:\/\/blog.madeleinemeuwessen.nl\/pt\/wp-json\/wp\/v2\/posts\/1116\/revisions\/1138"}],"wp:featuredmedia":[{"embeddable":true,"href":"https:\/\/blog.madeleinemeuwessen.nl\/pt\/wp-json\/wp\/v2\/media\/1118"}],"wp:attachment":[{"href":"https:\/\/blog.madeleinemeuwessen.nl\/pt\/wp-json\/wp\/v2\/media?parent=1116"}],"wp:term":[{"taxonomy":"category","embeddable":true,"href":"https:\/\/blog.madeleinemeuwessen.nl\/pt\/wp-json\/wp\/v2\/categories?post=1116"},{"taxonomy":"post_tag","embeddable":true,"href":"https:\/\/blog.madeleinemeuwessen.nl\/pt\/wp-json\/wp\/v2\/tags?post=1116"}],"curies":[{"name":"wp","href":"https:\/\/api.w.org\/{rel}","templated":true}]}}