
{"id":137,"date":"2016-03-06T10:37:07","date_gmt":"2016-03-06T09:37:07","guid":{"rendered":"https:\/\/blog.madeleinemeuwessen.nl\/?p=137"},"modified":"2016-06-03T20:59:48","modified_gmt":"2016-06-03T19:59:48","slug":"prugna-ciliegia-prunus-cerasifera","status":"publish","type":"post","link":"https:\/\/blog.madeleinemeuwessen.nl\/it\/2016\/03\/06\/kerspruim-prunus-cerasifera\/","title":{"rendered":"Prugna di Natale - Prunus cerasifera"},"content":{"rendered":"<p><strong><img decoding=\"async\" class=\"alignright size-full wp-image-141\" src=\"https:\/\/blog.madeleinemeuwessen.nl\/wp-content\/uploads\/2016\/03\/kerspruim.jpg\" alt=\"Prugna di Natale\" width=\"250\" height=\"418\" srcset=\"https:\/\/blog.madeleinemeuwessen.nl\/wp-content\/uploads\/2016\/03\/kerspruim.jpg 250w, https:\/\/blog.madeleinemeuwessen.nl\/wp-content\/uploads\/2016\/03\/kerspruim-179x300.jpg 179w\" sizes=\"(max-width: 250px) 100vw, 250px\" \/>Prugna di Natale<\/strong>-Le persone\/bambini hanno una forte agitazione interiore, si sentono come se fossero seduti su una polveriera o pensano di poter esplodere da un momento all'altro.<br \/>\nHanno una paura panica di perdere l'autocontrollo e quindi di danneggiare un'altra persona o se stessi.<br \/>\nPossono anche soffrire di compulsioni e deliri, a volte come se fossero all'opera forze oscure, negative e distruttive.<\/p>\n<p>Questo si manifesta spesso nel loro comportamento sotto forma di iperventilazione, digrignamento dei denti o mangiarsi le unghie, agitazione costante, tensione delle mascelle, sensazione di agitazione, schiarimento compulsivo della gola, prurito nervoso, tic nervosi. L'agitazione interiore associata e\/o l'irrequietezza interiore si basano su un'estrema pressione interiore dovuta alla repressione delle emozioni negative.<\/p>\n<p><strong>Il rimedio dei fiori di Cherry Plum fa scomparire la compulsione, non \u00e8 pi\u00f9 necessario mangiarsi le unghie o digrignare i denti, e permette di respirare meglio e pi\u00f9 profondamente.<\/strong><br \/>\n<strong> La paura di perdere l'autocontrollo, che pu\u00f2 portarvi sull'orlo della disperazione, si dissolve.<\/strong><\/p>\n<p>Attraverso il rimedio della fioritura scompare il prugno di Natale <strong>iperventilazione<\/strong>Tuttavia, la vera causa \u00e8 spesso pi\u00f9 profonda.<br \/>\nLa causa dell'iperventilazione, del digrignare i denti, del mangiarsi le unghie, ecc. di solito risiede nel passato a causa di un trauma. Il parto pu\u00f2 esserne responsabile. E con questo intendo complicazioni del parto come l'estrazione con il vuoto, il parto con il forcipe, il cordone ombelicale intorno al collo, il parto cesareo o un parto iniziato artificialmente. O qualsiasi altro trauma, che in qualche modo non \u00e8 stato elaborato correttamente e che in seguito si manifesta come un'enorme tensione interiore di cui a volte non si conosce (pi\u00f9) la causa.<\/p>\n<p>Fisicamente, si manifesta con disturbi nella parte bassa della schiena a partire dalla quarta vertebra lombare fino all'osso sacro.<\/p>\n<p>Il rimedio floreale Cherry Plum ha una relazione con il meridiano del triplo scaldino. Secondo gli insegnamenti tradizionali dell'agopuntura cinese, si tratta di un organo puramente materiale fine, per il quale non \u00e8 possibile trovare un pendente (uguale) a livello materiale grossolano.<\/p>\n<p>Madeleine Meuwessen<\/p>\n<p>*I rimedi floreali non sostituiscono i farmaci. In caso di dubbio, si consiglia di consultare sempre un medico.<\/p>","protected":false},"excerpt":{"rendered":"<p>Kerspruim-mensen\/kinderen hebben veel innerlijk onrust, ze hebben het gevoel op een kruitvat te zitten of denken ieder moment te kunnen ontploffen. Ze hebben een panische angst hun zelfbeheersing te verliezen en hierdoor een ander of zichzelf iets aan te doen. Ook kunnen zij last hebben van dwangvoorstellingen en waanidee\u00ebn, soms alsof er duistere, negatieve en [&#8230;]\n","protected":false},"author":2,"featured_media":141,"comment_status":"closed","ping_status":"closed","sticky":false,"template":"","format":"standard","meta":{"footnotes":""},"categories":[3],"tags":[45,52,48,53,43,51,20,49,50,47,44,46],"class_list":["post-137","post","type-post","status-publish","format-standard","has-post-thumbnail","hentry","category-star-remedies","tag-bedplassen","tag-gejaagde-ademhaling","tag-gejaagdheid","tag-hevige-nervositeit","tag-hyperventilatie","tag-kramp-in-de-omgeving-van-de-prostaat","tag-nagelbijten","tag-nerveuze-tics","tag-oppervlakkige-ademhaling","tag-spanning-in-de-kaken","tag-tandenknarsen","tag-woede-aanvallen"],"yoast_head":"<!-- This site is optimized with the Yoast SEO plugin v27.5 - https:\/\/yoast.com\/product\/yoast-seo-wordpress\/ -->\n<title>Kerspruim - Prunus cerasifera - Madeleine Meuwessen<\/title>\n<meta name=\"robots\" content=\"index, follow, max-snippet:-1, max-image-preview:large, max-video-preview:-1\" \/>\n<link rel=\"canonical\" href=\"https:\/\/blog.madeleinemeuwessen.nl\/it\/2016\/03\/06\/prugna-ciliegia-prunus-cerasifera\/\" \/>\n<meta property=\"og:locale\" content=\"it_IT\" \/>\n<meta property=\"og:type\" content=\"article\" \/>\n<meta property=\"og:title\" content=\"Kerspruim - Prunus cerasifera - Madeleine Meuwessen\" \/>\n<meta property=\"og:description\" content=\"Kerspruim-mensen\/kinderen hebben veel innerlijk onrust, ze hebben het gevoel op een kruitvat te zitten of denken ieder moment te kunnen ontploffen. Ze hebben een panische angst hun zelfbeheersing te verliezen en hierdoor een ander of zichzelf iets aan te doen. Ook kunnen zij last hebben van dwangvoorstellingen en waanidee\u00ebn, soms alsof er duistere, negatieve en [...]\" \/>\n<meta property=\"og:url\" content=\"https:\/\/blog.madeleinemeuwessen.nl\/it\/2016\/03\/06\/prugna-ciliegia-prunus-cerasifera\/\" \/>\n<meta property=\"og:site_name\" content=\"Madeleine Meuwessen\" \/>\n<meta property=\"article:published_time\" content=\"2016-03-06T09:37:07+00:00\" \/>\n<meta property=\"article:modified_time\" content=\"2016-06-03T19:59:48+00:00\" \/>\n<meta property=\"og:image\" content=\"https:\/\/blog.madeleinemeuwessen.nl\/wp-content\/uploads\/2016\/03\/kerspruim.jpg\" \/>\n\t<meta property=\"og:image:width\" content=\"250\" \/>\n\t<meta property=\"og:image:height\" content=\"418\" \/>\n\t<meta property=\"og:image:type\" content=\"image\/jpeg\" \/>\n<meta name=\"author\" content=\"madeleine meuwessen\" \/>\n<meta name=\"twitter:card\" content=\"summary_large_image\" \/>\n<meta name=\"twitter:label1\" content=\"Scritto da\" \/>\n\t<meta name=\"twitter:data1\" content=\"madeleine meuwessen\" \/>\n\t<meta name=\"twitter:label2\" content=\"Tempo di lettura stimato\" \/>\n\t<meta name=\"twitter:data2\" content=\"2 minuti\" \/>\n<script type=\"application\/ld+json\" class=\"yoast-schema-graph\">{\"@context\":\"https:\\\/\\\/schema.org\",\"@graph\":[{\"@type\":\"Article\",\"@id\":\"https:\\\/\\\/blog.madeleinemeuwessen.nl\\\/2016\\\/03\\\/06\\\/kerspruim-prunus-cerasifera\\\/#article\",\"isPartOf\":{\"@id\":\"https:\\\/\\\/blog.madeleinemeuwessen.nl\\\/2016\\\/03\\\/06\\\/kerspruim-prunus-cerasifera\\\/\"},\"author\":{\"name\":\"madeleine meuwessen\",\"@id\":\"https:\\\/\\\/blog.madeleinemeuwessen.nl\\\/ko\\\/#\\\/schema\\\/person\\\/00fd096ab315f51fc29fa485009e71cd\"},\"headline\":\"Kerspruim &#8211; Prunus cerasifera\",\"datePublished\":\"2016-03-06T09:37:07+00:00\",\"dateModified\":\"2016-06-03T19:59:48+00:00\",\"mainEntityOfPage\":{\"@id\":\"https:\\\/\\\/blog.madeleinemeuwessen.nl\\\/2016\\\/03\\\/06\\\/kerspruim-prunus-cerasifera\\\/\"},\"wordCount\":354,\"image\":{\"@id\":\"https:\\\/\\\/blog.madeleinemeuwessen.nl\\\/2016\\\/03\\\/06\\\/kerspruim-prunus-cerasifera\\\/#primaryimage\"},\"thumbnailUrl\":\"https:\\\/\\\/blog.madeleinemeuwessen.nl\\\/wp-content\\\/uploads\\\/2016\\\/03\\\/kerspruim.jpg\",\"keywords\":[\"bedplassen\",\"gejaagde ademhaling\",\"gejaagdheid\",\"hevige nervositeit\",\"hyperventilatie\",\"kramp in de omgeving van de prostaat\",\"nagelbijten\",\"nerveuze tics\",\"oppervlakkige ademhaling\",\"spanning in de kaken\",\"tandenknarsen\",\"woede-aanvallen\"],\"articleSection\":[\"Star Remedies\"],\"inLanguage\":\"it-IT\"},{\"@type\":\"WebPage\",\"@id\":\"https:\\\/\\\/blog.madeleinemeuwessen.nl\\\/2016\\\/03\\\/06\\\/kerspruim-prunus-cerasifera\\\/\",\"url\":\"https:\\\/\\\/blog.madeleinemeuwessen.nl\\\/2016\\\/03\\\/06\\\/kerspruim-prunus-cerasifera\\\/\",\"name\":\"Kerspruim - Prunus cerasifera - Madeleine Meuwessen\",\"isPartOf\":{\"@id\":\"https:\\\/\\\/blog.madeleinemeuwessen.nl\\\/ko\\\/#website\"},\"primaryImageOfPage\":{\"@id\":\"https:\\\/\\\/blog.madeleinemeuwessen.nl\\\/2016\\\/03\\\/06\\\/kerspruim-prunus-cerasifera\\\/#primaryimage\"},\"image\":{\"@id\":\"https:\\\/\\\/blog.madeleinemeuwessen.nl\\\/2016\\\/03\\\/06\\\/kerspruim-prunus-cerasifera\\\/#primaryimage\"},\"thumbnailUrl\":\"https:\\\/\\\/blog.madeleinemeuwessen.nl\\\/wp-content\\\/uploads\\\/2016\\\/03\\\/kerspruim.jpg\",\"datePublished\":\"2016-03-06T09:37:07+00:00\",\"dateModified\":\"2016-06-03T19:59:48+00:00\",\"author\":{\"@id\":\"https:\\\/\\\/blog.madeleinemeuwessen.nl\\\/ko\\\/#\\\/schema\\\/person\\\/00fd096ab315f51fc29fa485009e71cd\"},\"breadcrumb\":{\"@id\":\"https:\\\/\\\/blog.madeleinemeuwessen.nl\\\/2016\\\/03\\\/06\\\/kerspruim-prunus-cerasifera\\\/#breadcrumb\"},\"inLanguage\":\"it-IT\",\"potentialAction\":[{\"@type\":\"ReadAction\",\"target\":[\"https:\\\/\\\/blog.madeleinemeuwessen.nl\\\/2016\\\/03\\\/06\\\/kerspruim-prunus-cerasifera\\\/\"]}]},{\"@type\":\"ImageObject\",\"inLanguage\":\"it-IT\",\"@id\":\"https:\\\/\\\/blog.madeleinemeuwessen.nl\\\/2016\\\/03\\\/06\\\/kerspruim-prunus-cerasifera\\\/#primaryimage\",\"url\":\"https:\\\/\\\/blog.madeleinemeuwessen.nl\\\/wp-content\\\/uploads\\\/2016\\\/03\\\/kerspruim.jpg\",\"contentUrl\":\"https:\\\/\\\/blog.madeleinemeuwessen.nl\\\/wp-content\\\/uploads\\\/2016\\\/03\\\/kerspruim.jpg\",\"width\":250,\"height\":418},{\"@type\":\"BreadcrumbList\",\"@id\":\"https:\\\/\\\/blog.madeleinemeuwessen.nl\\\/2016\\\/03\\\/06\\\/kerspruim-prunus-cerasifera\\\/#breadcrumb\",\"itemListElement\":[{\"@type\":\"ListItem\",\"position\":1,\"name\":\"Home\",\"item\":\"https:\\\/\\\/blog.madeleinemeuwessen.nl\\\/\"},{\"@type\":\"ListItem\",\"position\":2,\"name\":\"Kerspruim &#8211; Prunus cerasifera\"}]},{\"@type\":\"WebSite\",\"@id\":\"https:\\\/\\\/blog.madeleinemeuwessen.nl\\\/ko\\\/#website\",\"url\":\"https:\\\/\\\/blog.madeleinemeuwessen.nl\\\/ko\\\/\",\"name\":\"Madeleine Meuwessen\",\"description\":\"Als je het leven snapt, begrijp je de wereld niet.\",\"potentialAction\":[{\"@type\":\"SearchAction\",\"target\":{\"@type\":\"EntryPoint\",\"urlTemplate\":\"https:\\\/\\\/blog.madeleinemeuwessen.nl\\\/ko\\\/?s={search_term_string}\"},\"query-input\":{\"@type\":\"PropertyValueSpecification\",\"valueRequired\":true,\"valueName\":\"search_term_string\"}}],\"inLanguage\":\"it-IT\"},{\"@type\":\"Person\",\"@id\":\"https:\\\/\\\/blog.madeleinemeuwessen.nl\\\/ko\\\/#\\\/schema\\\/person\\\/00fd096ab315f51fc29fa485009e71cd\",\"name\":\"madeleine meuwessen\",\"image\":{\"@type\":\"ImageObject\",\"inLanguage\":\"it-IT\",\"@id\":\"https:\\\/\\\/secure.gravatar.com\\\/avatar\\\/a09f8f5deb34fef748ebe49c25e5470c58b7a4f0a7a6c5046f93dcb2881da580?s=96&d=mm&r=g\",\"url\":\"https:\\\/\\\/secure.gravatar.com\\\/avatar\\\/a09f8f5deb34fef748ebe49c25e5470c58b7a4f0a7a6c5046f93dcb2881da580?s=96&d=mm&r=g\",\"contentUrl\":\"https:\\\/\\\/secure.gravatar.com\\\/avatar\\\/a09f8f5deb34fef748ebe49c25e5470c58b7a4f0a7a6c5046f93dcb2881da580?s=96&d=mm&r=g\",\"caption\":\"madeleine meuwessen\"},\"sameAs\":[\"http:\\\/\\\/www.madeleinemeuwessen.nl\"]}]}<\/script>\n<!-- \/ Yoast SEO plugin. -->","yoast_head_json":{"title":"Prugna di Natale - Prunus cerasifera - Madeleine Meuwessen","robots":{"index":"index","follow":"follow","max-snippet":"max-snippet:-1","max-image-preview":"max-image-preview:large","max-video-preview":"max-video-preview:-1"},"canonical":"https:\/\/blog.madeleinemeuwessen.nl\/it\/2016\/03\/06\/prugna-ciliegia-prunus-cerasifera\/","og_locale":"it_IT","og_type":"article","og_title":"Kerspruim - Prunus cerasifera - Madeleine Meuwessen","og_description":"Kerspruim-mensen\/kinderen hebben veel innerlijk onrust, ze hebben het gevoel op een kruitvat te zitten of denken ieder moment te kunnen ontploffen. Ze hebben een panische angst hun zelfbeheersing te verliezen en hierdoor een ander of zichzelf iets aan te doen. Ook kunnen zij last hebben van dwangvoorstellingen en waanidee\u00ebn, soms alsof er duistere, negatieve en [...]","og_url":"https:\/\/blog.madeleinemeuwessen.nl\/it\/2016\/03\/06\/prugna-ciliegia-prunus-cerasifera\/","og_site_name":"Madeleine Meuwessen","article_published_time":"2016-03-06T09:37:07+00:00","article_modified_time":"2016-06-03T19:59:48+00:00","og_image":[{"width":250,"height":418,"url":"https:\/\/blog.madeleinemeuwessen.nl\/wp-content\/uploads\/2016\/03\/kerspruim.jpg","type":"image\/jpeg"}],"author":"madeleine meuwessen","twitter_card":"summary_large_image","twitter_misc":{"Scritto da":"madeleine meuwessen","Tempo di lettura stimato":"2 minuti"},"schema":{"@context":"https:\/\/schema.org","@graph":[{"@type":"Article","@id":"https:\/\/blog.madeleinemeuwessen.nl\/2016\/03\/06\/kerspruim-prunus-cerasifera\/#article","isPartOf":{"@id":"https:\/\/blog.madeleinemeuwessen.nl\/2016\/03\/06\/kerspruim-prunus-cerasifera\/"},"author":{"name":"madeleine meuwessen","@id":"https:\/\/blog.madeleinemeuwessen.nl\/ko\/#\/schema\/person\/00fd096ab315f51fc29fa485009e71cd"},"headline":"Kerspruim &#8211; Prunus cerasifera","datePublished":"2016-03-06T09:37:07+00:00","dateModified":"2016-06-03T19:59:48+00:00","mainEntityOfPage":{"@id":"https:\/\/blog.madeleinemeuwessen.nl\/2016\/03\/06\/kerspruim-prunus-cerasifera\/"},"wordCount":354,"image":{"@id":"https:\/\/blog.madeleinemeuwessen.nl\/2016\/03\/06\/kerspruim-prunus-cerasifera\/#primaryimage"},"thumbnailUrl":"https:\/\/blog.madeleinemeuwessen.nl\/wp-content\/uploads\/2016\/03\/kerspruim.jpg","keywords":["bedplassen","gejaagde ademhaling","gejaagdheid","hevige nervositeit","hyperventilatie","kramp in de omgeving van de prostaat","nagelbijten","nerveuze tics","oppervlakkige ademhaling","spanning in de kaken","tandenknarsen","woede-aanvallen"],"articleSection":["Star Remedies"],"inLanguage":"it-IT"},{"@type":"WebPage","@id":"https:\/\/blog.madeleinemeuwessen.nl\/2016\/03\/06\/kerspruim-prunus-cerasifera\/","url":"https:\/\/blog.madeleinemeuwessen.nl\/2016\/03\/06\/kerspruim-prunus-cerasifera\/","name":"Prugna di Natale - Prunus cerasifera - Madeleine Meuwessen","isPartOf":{"@id":"https:\/\/blog.madeleinemeuwessen.nl\/ko\/#website"},"primaryImageOfPage":{"@id":"https:\/\/blog.madeleinemeuwessen.nl\/2016\/03\/06\/kerspruim-prunus-cerasifera\/#primaryimage"},"image":{"@id":"https:\/\/blog.madeleinemeuwessen.nl\/2016\/03\/06\/kerspruim-prunus-cerasifera\/#primaryimage"},"thumbnailUrl":"https:\/\/blog.madeleinemeuwessen.nl\/wp-content\/uploads\/2016\/03\/kerspruim.jpg","datePublished":"2016-03-06T09:37:07+00:00","dateModified":"2016-06-03T19:59:48+00:00","author":{"@id":"https:\/\/blog.madeleinemeuwessen.nl\/ko\/#\/schema\/person\/00fd096ab315f51fc29fa485009e71cd"},"breadcrumb":{"@id":"https:\/\/blog.madeleinemeuwessen.nl\/2016\/03\/06\/kerspruim-prunus-cerasifera\/#breadcrumb"},"inLanguage":"it-IT","potentialAction":[{"@type":"ReadAction","target":["https:\/\/blog.madeleinemeuwessen.nl\/2016\/03\/06\/kerspruim-prunus-cerasifera\/"]}]},{"@type":"ImageObject","inLanguage":"it-IT","@id":"https:\/\/blog.madeleinemeuwessen.nl\/2016\/03\/06\/kerspruim-prunus-cerasifera\/#primaryimage","url":"https:\/\/blog.madeleinemeuwessen.nl\/wp-content\/uploads\/2016\/03\/kerspruim.jpg","contentUrl":"https:\/\/blog.madeleinemeuwessen.nl\/wp-content\/uploads\/2016\/03\/kerspruim.jpg","width":250,"height":418},{"@type":"BreadcrumbList","@id":"https:\/\/blog.madeleinemeuwessen.nl\/2016\/03\/06\/kerspruim-prunus-cerasifera\/#breadcrumb","itemListElement":[{"@type":"ListItem","position":1,"name":"Home","item":"https:\/\/blog.madeleinemeuwessen.nl\/"},{"@type":"ListItem","position":2,"name":"Kerspruim &#8211; Prunus cerasifera"}]},{"@type":"WebSite","@id":"https:\/\/blog.madeleinemeuwessen.nl\/ko\/#website","url":"https:\/\/blog.madeleinemeuwessen.nl\/ko\/","name":"Madeleine Meuwessen","description":"Se si capisce la vita, non si capisce il mondo.","potentialAction":[{"@type":"SearchAction","target":{"@type":"EntryPoint","urlTemplate":"https:\/\/blog.madeleinemeuwessen.nl\/ko\/?s={search_term_string}"},"query-input":{"@type":"PropertyValueSpecification","valueRequired":true,"valueName":"search_term_string"}}],"inLanguage":"it-IT"},{"@type":"Person","@id":"https:\/\/blog.madeleinemeuwessen.nl\/ko\/#\/schema\/person\/00fd096ab315f51fc29fa485009e71cd","name":"madeleine meuwessen","image":{"@type":"ImageObject","inLanguage":"it-IT","@id":"https:\/\/secure.gravatar.com\/avatar\/a09f8f5deb34fef748ebe49c25e5470c58b7a4f0a7a6c5046f93dcb2881da580?s=96&d=mm&r=g","url":"https:\/\/secure.gravatar.com\/avatar\/a09f8f5deb34fef748ebe49c25e5470c58b7a4f0a7a6c5046f93dcb2881da580?s=96&d=mm&r=g","contentUrl":"https:\/\/secure.gravatar.com\/avatar\/a09f8f5deb34fef748ebe49c25e5470c58b7a4f0a7a6c5046f93dcb2881da580?s=96&d=mm&r=g","caption":"madeleine meuwessen"},"sameAs":["http:\/\/www.madeleinemeuwessen.nl"]}]}},"_links":{"self":[{"href":"https:\/\/blog.madeleinemeuwessen.nl\/it\/wp-json\/wp\/v2\/posts\/137","targetHints":{"allow":["GET"]}}],"collection":[{"href":"https:\/\/blog.madeleinemeuwessen.nl\/it\/wp-json\/wp\/v2\/posts"}],"about":[{"href":"https:\/\/blog.madeleinemeuwessen.nl\/it\/wp-json\/wp\/v2\/types\/post"}],"author":[{"embeddable":true,"href":"https:\/\/blog.madeleinemeuwessen.nl\/it\/wp-json\/wp\/v2\/users\/2"}],"replies":[{"embeddable":true,"href":"https:\/\/blog.madeleinemeuwessen.nl\/it\/wp-json\/wp\/v2\/comments?post=137"}],"version-history":[{"count":3,"href":"https:\/\/blog.madeleinemeuwessen.nl\/it\/wp-json\/wp\/v2\/posts\/137\/revisions"}],"predecessor-version":[{"id":142,"href":"https:\/\/blog.madeleinemeuwessen.nl\/it\/wp-json\/wp\/v2\/posts\/137\/revisions\/142"}],"wp:featuredmedia":[{"embeddable":true,"href":"https:\/\/blog.madeleinemeuwessen.nl\/it\/wp-json\/wp\/v2\/media\/141"}],"wp:attachment":[{"href":"https:\/\/blog.madeleinemeuwessen.nl\/it\/wp-json\/wp\/v2\/media?parent=137"}],"wp:term":[{"taxonomy":"category","embeddable":true,"href":"https:\/\/blog.madeleinemeuwessen.nl\/it\/wp-json\/wp\/v2\/categories?post=137"},{"taxonomy":"post_tag","embeddable":true,"href":"https:\/\/blog.madeleinemeuwessen.nl\/it\/wp-json\/wp\/v2\/tags?post=137"}],"curies":[{"name":"wp","href":"https:\/\/api.w.org\/{rel}","templated":true}]}}