
{"id":797,"date":"2017-03-19T13:34:47","date_gmt":"2017-03-19T12:34:47","guid":{"rendered":"https:\/\/blog.madeleinemeuwessen.nl\/?p=797"},"modified":"2017-03-19T13:34:47","modified_gmt":"2017-03-19T12:34:47","slug":"ismene-hymenocallis-festalis","status":"publish","type":"post","link":"https:\/\/blog.madeleinemeuwessen.nl\/fr\/2017\/03\/19\/ismene-hymenocallis-festalis\/","title":{"rendered":"Ism\u00e8ne - Hymenocallis festalis"},"content":{"rendered":"<blockquote><p><img decoding=\"async\" class=\"alignright size-medium wp-image-823\" src=\"https:\/\/blog.madeleinemeuwessen.nl\/wp-content\/uploads\/2017\/03\/ismene-300x225.jpg\" alt=\"\" width=\"300\" height=\"225\" srcset=\"https:\/\/blog.madeleinemeuwessen.nl\/wp-content\/uploads\/2017\/03\/ismene-300x225.jpg 300w, https:\/\/blog.madeleinemeuwessen.nl\/wp-content\/uploads\/2017\/03\/ismene.jpg 400w\" sizes=\"(max-width: 300px) 100vw, 300px\" \/><strong>Ism\u00e8ne Les gens pr\u00e9f\u00e8rent vivre dans leur monde imaginaire.<\/strong><\/p><\/blockquote>\n<p>Ils fantasment souvent sur l'avenir.<br \/>\nIl s'agit souvent de choses qu'ils aimeraient avoir mais qu'ils ne peuvent pas obtenir.<br \/>\nEt m\u00eame en compagnie, ils sont pr\u00e9occup\u00e9s par leurs propres pens\u00e9es et ignorent compl\u00e8tement ce qui se passe autour d'eux, jusqu'\u00e0 ce que quelqu'un leur demande quelque chose, ce qui les fait sursauter.<br \/>\nEt lorsqu'ils sont malades, ils ne semblent pas vouloir se soigner.<\/p>\n<p>Vous vivez peut-\u00eatre davantage dans votre monde imaginaire que dans la r\u00e9alit\u00e9. De ce fait, vous n'avez aucun int\u00e9r\u00eat pour le monde ext\u00e9rieur et vous ne vous int\u00e9ressez gu\u00e8re \u00e0 la situation du moment.<\/p>\n<p>En fait, vous vous \u00e9chappez de la \"dure\" r\u00e9alit\u00e9 pour entrer dans un monde de r\u00eave o\u00f9 tout semble beaucoup plus beau et harmonieux.<\/p>\n<p>Cela vous donne l'impression d'\u00eatre dispers\u00e9 et d\u00e9sint\u00e9ress\u00e9, d'\u00eatre somnolent et de marcher souvent en r\u00eavant.<\/p>\n<p>Supposons que vous entriez dans une pi\u00e8ce pour y prendre quelque chose. Une fois dans la pi\u00e8ce, vous ne vous souvenez absolument pas de ce que vous deviez prendre et vous devez retourner d'o\u00f9 vous venez pour vous souvenir de ce que vous deviez prendre \u00e0 nouveau dans la pi\u00e8ce.<\/p>\n<p>Supposons que vous vous rendiez souvent de A \u00e0 B en voiture, \u00e0 v\u00e9lo ou \u00e0 pied. Une fois arriv\u00e9 \u00e0 B et en repensant au trajet, il s'av\u00e8re que vous avez souvent conduit, fait du v\u00e9lo ou march\u00e9 en pilotage automatique pendant une grande partie du trajet.<br \/>\nEn fait, votre esprit est alors tr\u00e8s diff\u00e9rent.<br \/>\nDe m\u00eame, vous pouvez regarder un programme t\u00e9l\u00e9vis\u00e9 et n'avoir ensuite aucune id\u00e9e de son contenu.<\/p>\n<p>Au travail, les personnes Ism\u00e8ne ont du mal \u00e0 se concentrer sur leur travail, sont tr\u00e8s facilement distraites et ont la particularit\u00e9 d'\u00eatre tr\u00e8s distraites.<\/p>\n<p>Vous pouvez \u00e9galement vous cogner ou tr\u00e9bucher fr\u00e9quemment, vous accrocher \u00e0 quelque chose, laisser tomber facilement des objets ou vous heurter \u00e0 d'autres personnes.<\/p>\n<p><strong>Caract\u00e9ristiques physiques<\/strong> sont souvent un teint p\u00e2le, un regard absent, des mains et des pieds froids, des troubles du visage et de l'audition, et le visage semble souvent inexpressif.<\/p>\n<p>Vous vous demandez peut-\u00eatre comment un tel \u00e9tat d'esprit peut na\u00eetre.<\/p>\n<p>Lorsque des personnes ou des enfants viennent me voir, une question importante dans l'anamn\u00e8se est de savoir s'ils sont n\u00e9s \u00e0 la date pr\u00e9vue.<br \/>\nThomas Verny \u00e9crit dans son livre <em>La vie secr\u00e8te de l'enfant \u00e0 na\u00eetre<\/em>Les enfants n\u00e9s tardivement ne veulent pas \u00eatre jet\u00e9s dans la froide r\u00e9alit\u00e9, mais pr\u00e9f\u00e8rent rester dans cet \u00e9tat cr\u00e9pusculaire bienveillant et agr\u00e9able.<\/p>\n<p>\u00c0 l'\u00e9cole, ils ne sont pas \"l\u00e0\", pr\u00e9f\u00e9rant regarder \u00e0 l'ext\u00e9rieur et r\u00eaver \u00e0 ce qu'ils peuvent faire.<br \/>\nIls ne trouvent pas non plus le sujet int\u00e9ressant. Ils donnent l'impression d'\u00eatre somnolents et distraits.<br \/>\nIls ont du mal \u00e0 se concentrer parce que leurs pens\u00e9es \"s'envolent\".<br \/>\nIl leur est difficile d'\u00e9crire \u00e0 l'int\u00e9rieur des lignes.<br \/>\nA l'\u00e9cole, il faut les forcer \u00e0 \"rester dans le coup\". Et peuvent-ils regarder l'enseignant qui les rappelle \u00e0 l'ordre en disant \"de quoi tu parles\" ?<br \/>\nSouvent, ils ne trouvent pas la nourriture int\u00e9ressante et la laissent refroidir facilement.<br \/>\nElles ont souvent le visage p\u00e2le et leurs mains et leurs pieds sont glac\u00e9s.<br \/>\nEt comme les adultes, ils tr\u00e9buchent, rentrent \u00e0 la maison avec des v\u00eatements cass\u00e9s parce qu'ils sont rest\u00e9s coinc\u00e9s derri\u00e8re quelque chose, leurs affaires scolaires sont introuvables.<br \/>\nIls ont un grand besoin de sommeil car ils aiment rester au lit \u00e0 r\u00eaver.<br \/>\nCe sont les enfants qui r\u00eavent les yeux ouverts.<\/p>\n<p>Ces enfants ne sont-ils pas souvent diagnostiqu\u00e9s comme souffrant d'un trouble d\u00e9ficitaire de l'attention aujourd'hui ? ? ???<br \/>\nSur le site du centre de soutien ADHD, j'ai lu :<br \/>\n<em>ADD<br \/>\nLes enfants souffrant de TDA (TDAH de type inattentif pr\u00e9dominant) se distinguent par le fait qu'ils.. :<br \/>\nr\u00eaverie<br \/>\npara\u00eetre passif<br \/>\ns'incliner<br \/>\n\u00eatre d\u00e9sorganis\u00e9 et oublieux<br \/>\nne semblent pas \u00e9couter<br \/>\nperdent souvent des choses<br \/>\n\u00eatre facilement distrait<br \/>\nont des difficult\u00e9s \u00e0 participer \u00e0 des \u00e9v\u00e9nements sociaux en classe<br \/>\nNombre de ces caract\u00e9ristiques se retrouvent \u00e0 un degr\u00e9 plus ou moins \u00e9lev\u00e9 chez tous les enfants. Chez les enfants atteints d'AD(H)D, un certain nombre de caract\u00e9ristiques sont pr\u00e9sentes \u00e0 un degr\u00e9 \u00e9lev\u00e9 et entravent le d\u00e9veloppement de l'enfant.<\/em><br \/>\nSource : Centre de soutien pour le TDAH<\/p>\n<p>Ces enfants peuvent \u00eatre extr\u00eamement sensibles \u00e0 toutes sortes de maladies infectieuses et sont donc constamment enrhum\u00e9s. En effet, ils se trouvent souvent dans l'\u00e9tat d'Ism\u00e8ne.<br \/>\n<strong><em>Les infections constantes tentent de leur faire prendre conscience de leur corps.<\/em><\/strong><\/p>\n<p>Lorsque ces enfants et, bien s\u00fbr, les adultes sont choqu\u00e9s parce que l'enseignant ou l'employeur les a mis au pied du mur, ils peuvent commencer \u00e0 manifester un comportement incroyablement agit\u00e9 et \u00e0 vouloir terminer tout le travail le plus rapidement possible afin de retourner dans leur propre monde le plus vite possible.<\/p>\n<p>Ces personnes ne sont-elles pas souvent \u00e9tiquet\u00e9es ADHD ???????<br \/>\n<em>TDAH<\/em><br \/>\n<em>Les jeunes enfants atteints de TDAH se distinguent particuli\u00e8rement par le fait qu'ils.. :<\/em><br \/>\n<em> difficult\u00e9 \u00e0 rester assis<\/em><br \/>\n<em> sont facilement distraits<\/em><br \/>\n<em> ont du mal \u00e0 attendre leur tour<\/em><br \/>\n<em> courir d'une activit\u00e9 \u00e0 l'autre<\/em><br \/>\n<em> incapacit\u00e9 \u00e0 jouer tranquillement<\/em><br \/>\n<em> parler de fa\u00e7on excessive<\/em><br \/>\n<em> interrompre les autres<\/em><br \/>\n<em> ne pas \u00e9couter ce que disent les autres<\/em><br \/>\n<em> se jettent souvent dans des situations dangereuses<\/em><br \/>\n<em> difficult\u00e9 \u00e0 suivre les instructions<\/em><br \/>\n<em> r\u00e9agir diff\u00e9remment \u00e0 la punition et \u00e0 la r\u00e9compense<\/em><br \/>\n<em> perdre beaucoup ou perdre souvent quelque chose<\/em><br \/>\n<em> difficult\u00e9 \u00e0 maintenir l'attention<\/em><br \/>\n<em> ont des difficult\u00e9s \u00e0 se contr\u00f4ler<br \/>\n<\/em>Source : Centre de soutien pour le TDAH<\/p>\n<p>\u00c9galement sur le site de <a href=\"https:\/\/www.hersenstichting.nl\">https:\/\/www.hersenstichting.nl<\/a> Il existe de nombreuses informations \u00e0 ce sujet.<\/p>\n<p>Une femme qui souffrait \u00e9norm\u00e9ment de cet \u00e9tat d'esprit s'est pr\u00e9sent\u00e9e \u00e0 mon cabinet.<br \/>\nJe lui ai demand\u00e9 de remplir le questionnaire.....now, bien s\u00fbr il n'y en avait plus.<br \/>\n\u00c0 la fin de la consultation, lorsque je lui ai remis la facture, elle avait perdu son portefeuille....logique.<br \/>\nElle devait aller chercher ses enfants \u00e0 l'\u00e9cole apr\u00e8s avoir \u00e9t\u00e9 avec moi, mais elle avait oubli\u00e9 l'heure \u00e0 laquelle ses enfants sortaient de l'\u00e9cole.<br \/>\nEt ainsi de suite.<br \/>\nElle estimait que la vie n'avait pas de valeur, m\u00eame si elle \u00e9tait tr\u00e8s heureuse avec ses enfants.<br \/>\nCe qu'elle m'a finalement dit, c'est qu'elle se souvenait de ses vies ant\u00e9rieures et qu'elle souhaitait y \u00eatre beaucoup plus qu'elle ne l'est aujourd'hui.<br \/>\nPour moi, ce fut peut-\u00eatre l'exp\u00e9rience la plus intense de l'\u00e9tat d'esprit n\u00e9gatif d'Ism\u00e8ne.<br \/>\n\u00c0 l'\u00e9poque, j'avais beaucoup de mal \u00e0 imaginer que l'on puisse se souvenir de ses vies ant\u00e9rieures de cette mani\u00e8re.<\/p>\n<p>L'absence ne va pas n\u00e9cessairement de pair avec des r\u00eaves ou des fantasmes. Il s'agit souvent d'un \u00e9tat n\u00e9buleux et ind\u00e9finissable dans lequel beaucoup de choses s'estompent et deviennent intangibles. Le monde mat\u00e9riel semble \u00e0 chaque fois tr\u00e8s \u00e9loign\u00e9.<\/p>\n<p>Le rem\u00e8de floral Ismene s'oppose \u00e0 la tendance \u00e0 la d\u00e9rive de la conscience et peut donc \u00eatre un rem\u00e8de pr\u00e9cieux dans de nombreux cas d'inconscience, d'\u00e9vanouissement ou d'accident vasculaire c\u00e9r\u00e9bral. Il ram\u00e8ne \u00e0 la conscience et peut donc parfois sauver des vies dans des situations d'urgence. C'est pourquoi Ismene est \u00e9galement l'un des rem\u00e8des qui font partie du rem\u00e8de de premiers secours.<\/p>\n<p>Le rem\u00e8de floral Ismene vous am\u00e8ne vraiment, vraiment, dans l'ici et le maintenant. Vous devenez contemplatif de tout. Vous pouvez regarder ce que vous avez fait et en m\u00eame temps, il y a une sorte d'adieu \u00e0 ce que vous avez fait. Vous pouvez dire adieu aux \"illusions non r\u00e9elles\", qui peuvent aussi \u00eatre tr\u00e8s intenses \u00e0 certains moments. Vous entrez dans cette vie avec les deux pieds.<br \/>\nEn m\u00eame temps, vous r\u00eavez davantage et votre cr\u00e9ativit\u00e9 se d\u00e9veloppe pendant la nuit, ce qui vous permet de la mettre en \u0153uvre pendant la journ\u00e9e.<\/p>\n<p>Ism\u00e8ne est li\u00e9 au m\u00e9ridien du c\u00f4lon.<\/p>\n<p>Dans le cadre d'un cours d'approfondissement, j'ai permis \u00e0 de nombreuses personnes \"tr\u00e8s sensibles\" de ressentir \u00e0 nouveau le rem\u00e8de. Les r\u00e9ponses correspondent toutes \u00e0 nouveau.<br \/>\n<em>Le rem\u00e8de rend l'aura plus compacte, un peu plus ferme, l'aura vient un peu plus \"\u00e0 l'int\u00e9rieur\", et en m\u00eame temps une sorte de connexion est cr\u00e9\u00e9e des pieds \u00e0 la t\u00eate et la ligne passe \"\u00e0 travers\".<br \/>\nSe sent plus en s\u00e9curit\u00e9. Procure un sentiment tr\u00e8s agr\u00e9able.<\/em><\/p>\n<p>Madeleine Meuwessen<br \/>\n.<br \/>\n*Les rem\u00e8des \u00e0 base de fleurs ne remplacent pas les m\u00e9dicaments. Veuillez noter qu'en cas de doute, vous devez toujours consulter un m\u00e9decin.<\/p>","protected":false},"excerpt":{"rendered":"<p>Ismene-mensen leven het liefst in hun fantasiewereld. Ze fantaseren dikwijls over de toekomst. Vaak gaat het om dingen die ze graag willen hebben, maar niet kunnen krijgen. En zelfs in gezelschap zijn ze met hun eigen gedachten bezig en ontgaat hen volledig wat er om ze heen gebeurt totdat iemand ze iets vraagt, waardoor ze [&#8230;]\n","protected":false},"author":4,"featured_media":824,"comment_status":"closed","ping_status":"closed","sticky":false,"template":"","format":"standard","meta":{"footnotes":""},"categories":[3],"tags":[323,326,327,310,325,311,312,316,321,319,320,322,324,328,329,314,313,315,317,309,318],"class_list":["post-797","post","type-post","status-publish","format-standard","has-post-thumbnail","hentry","category-star-remedies","tag-de-prins-op-het-witte-paard","tag-afspraken-vergeten","tag-allerlei-mogelijke-huidaandoeningen","tag-constipatie","tag-dagdromen","tag-dromerig","tag-fantasiewereld","tag-flauwte","tag-het-liefst-alleen-zijn","tag-koude-handen","tag-koude-voeten","tag-ongeinteresseerd","tag-ongelukjes","tag-slaperigheid","tag-snel-uitgeput-raken","tag-stoten","tag-struikelen","tag-vallen","tag-vergeten","tag-verkoudheid","tag-wensvoorstellingen"],"yoast_head":"<!-- This site is optimized with the Yoast SEO plugin v27.4 - https:\/\/yoast.com\/product\/yoast-seo-wordpress\/ -->\n<title>Ismene- Hymenocallis festalis - Madeleine Meuwessen<\/title>\n<meta name=\"robots\" content=\"index, follow, max-snippet:-1, max-image-preview:large, max-video-preview:-1\" \/>\n<link rel=\"canonical\" href=\"https:\/\/blog.madeleinemeuwessen.nl\/fr\/2017\/03\/19\/ismene-hymenocallis-festalis\/\" \/>\n<meta property=\"og:locale\" content=\"fr_FR\" \/>\n<meta property=\"og:type\" content=\"article\" \/>\n<meta property=\"og:title\" content=\"Ismene- Hymenocallis festalis - Madeleine Meuwessen\" \/>\n<meta property=\"og:description\" content=\"Ismene-mensen leven het liefst in hun fantasiewereld. Ze fantaseren dikwijls over de toekomst. Vaak gaat het om dingen die ze graag willen hebben, maar niet kunnen krijgen. En zelfs in gezelschap zijn ze met hun eigen gedachten bezig en ontgaat hen volledig wat er om ze heen gebeurt totdat iemand ze iets vraagt, waardoor ze [...]\" \/>\n<meta property=\"og:url\" content=\"https:\/\/blog.madeleinemeuwessen.nl\/fr\/2017\/03\/19\/ismene-hymenocallis-festalis\/\" \/>\n<meta property=\"og:site_name\" content=\"Madeleine Meuwessen\" \/>\n<meta property=\"article:published_time\" content=\"2017-03-19T12:34:47+00:00\" \/>\n<meta property=\"og:image\" content=\"https:\/\/blog.madeleinemeuwessen.nl\/wp-content\/uploads\/2017\/03\/ismene-2.jpg\" \/>\n\t<meta property=\"og:image:width\" content=\"400\" \/>\n\t<meta property=\"og:image:height\" content=\"300\" \/>\n\t<meta property=\"og:image:type\" content=\"image\/jpeg\" \/>\n<meta name=\"author\" content=\"M. Meuwessen\" \/>\n<meta name=\"twitter:card\" content=\"summary_large_image\" \/>\n<meta name=\"twitter:label1\" content=\"\u00c9crit par\" \/>\n\t<meta name=\"twitter:data1\" content=\"M. Meuwessen\" \/>\n\t<meta name=\"twitter:label2\" content=\"Dur\u00e9e de lecture estim\u00e9e\" \/>\n\t<meta name=\"twitter:data2\" content=\"7 minutes\" \/>\n<script type=\"application\/ld+json\" class=\"yoast-schema-graph\">{\"@context\":\"https:\\\/\\\/schema.org\",\"@graph\":[{\"@type\":\"Article\",\"@id\":\"https:\\\/\\\/blog.madeleinemeuwessen.nl\\\/2017\\\/03\\\/19\\\/ismene-hymenocallis-festalis\\\/#article\",\"isPartOf\":{\"@id\":\"https:\\\/\\\/blog.madeleinemeuwessen.nl\\\/2017\\\/03\\\/19\\\/ismene-hymenocallis-festalis\\\/\"},\"author\":{\"name\":\"M. Meuwessen\",\"@id\":\"https:\\\/\\\/blog.madeleinemeuwessen.nl\\\/ko\\\/#\\\/schema\\\/person\\\/bec97814dfe7825a10b34fdd36706181\"},\"headline\":\"Ismene- Hymenocallis festalis\",\"datePublished\":\"2017-03-19T12:34:47+00:00\",\"mainEntityOfPage\":{\"@id\":\"https:\\\/\\\/blog.madeleinemeuwessen.nl\\\/2017\\\/03\\\/19\\\/ismene-hymenocallis-festalis\\\/\"},\"wordCount\":1319,\"image\":{\"@id\":\"https:\\\/\\\/blog.madeleinemeuwessen.nl\\\/2017\\\/03\\\/19\\\/ismene-hymenocallis-festalis\\\/#primaryimage\"},\"thumbnailUrl\":\"https:\\\/\\\/blog.madeleinemeuwessen.nl\\\/wp-content\\\/uploads\\\/2017\\\/03\\\/ismene-2.jpg\",\"keywords\":[\"\\\"de prins op het witte paard\\\"\",\"afspraken vergeten\",\"allerlei mogelijke huidaandoeningen\",\"constipatie\",\"dagdromen\",\"dromerig\",\"fantasiewereld\",\"flauwte\",\"het liefst alleen zijn\",\"koude handen\",\"koude voeten\",\"onge\u00efnteresseerd\",\"ongelukjes\",\"slaperigheid\",\"snel uitgeput raken\",\"stoten\",\"struikelen\",\"vallen\",\"vergeten\",\"verkoudheid\",\"wensvoorstellingen\"],\"articleSection\":[\"Star Remedies\"],\"inLanguage\":\"fr-FR\"},{\"@type\":\"WebPage\",\"@id\":\"https:\\\/\\\/blog.madeleinemeuwessen.nl\\\/2017\\\/03\\\/19\\\/ismene-hymenocallis-festalis\\\/\",\"url\":\"https:\\\/\\\/blog.madeleinemeuwessen.nl\\\/2017\\\/03\\\/19\\\/ismene-hymenocallis-festalis\\\/\",\"name\":\"Ismene- Hymenocallis festalis - Madeleine Meuwessen\",\"isPartOf\":{\"@id\":\"https:\\\/\\\/blog.madeleinemeuwessen.nl\\\/ko\\\/#website\"},\"primaryImageOfPage\":{\"@id\":\"https:\\\/\\\/blog.madeleinemeuwessen.nl\\\/2017\\\/03\\\/19\\\/ismene-hymenocallis-festalis\\\/#primaryimage\"},\"image\":{\"@id\":\"https:\\\/\\\/blog.madeleinemeuwessen.nl\\\/2017\\\/03\\\/19\\\/ismene-hymenocallis-festalis\\\/#primaryimage\"},\"thumbnailUrl\":\"https:\\\/\\\/blog.madeleinemeuwessen.nl\\\/wp-content\\\/uploads\\\/2017\\\/03\\\/ismene-2.jpg\",\"datePublished\":\"2017-03-19T12:34:47+00:00\",\"author\":{\"@id\":\"https:\\\/\\\/blog.madeleinemeuwessen.nl\\\/ko\\\/#\\\/schema\\\/person\\\/bec97814dfe7825a10b34fdd36706181\"},\"breadcrumb\":{\"@id\":\"https:\\\/\\\/blog.madeleinemeuwessen.nl\\\/2017\\\/03\\\/19\\\/ismene-hymenocallis-festalis\\\/#breadcrumb\"},\"inLanguage\":\"fr-FR\",\"potentialAction\":[{\"@type\":\"ReadAction\",\"target\":[\"https:\\\/\\\/blog.madeleinemeuwessen.nl\\\/2017\\\/03\\\/19\\\/ismene-hymenocallis-festalis\\\/\"]}]},{\"@type\":\"ImageObject\",\"inLanguage\":\"fr-FR\",\"@id\":\"https:\\\/\\\/blog.madeleinemeuwessen.nl\\\/2017\\\/03\\\/19\\\/ismene-hymenocallis-festalis\\\/#primaryimage\",\"url\":\"https:\\\/\\\/blog.madeleinemeuwessen.nl\\\/wp-content\\\/uploads\\\/2017\\\/03\\\/ismene-2.jpg\",\"contentUrl\":\"https:\\\/\\\/blog.madeleinemeuwessen.nl\\\/wp-content\\\/uploads\\\/2017\\\/03\\\/ismene-2.jpg\",\"width\":400,\"height\":300},{\"@type\":\"BreadcrumbList\",\"@id\":\"https:\\\/\\\/blog.madeleinemeuwessen.nl\\\/2017\\\/03\\\/19\\\/ismene-hymenocallis-festalis\\\/#breadcrumb\",\"itemListElement\":[{\"@type\":\"ListItem\",\"position\":1,\"name\":\"Home\",\"item\":\"https:\\\/\\\/blog.madeleinemeuwessen.nl\\\/\"},{\"@type\":\"ListItem\",\"position\":2,\"name\":\"Ismene- Hymenocallis festalis\"}]},{\"@type\":\"WebSite\",\"@id\":\"https:\\\/\\\/blog.madeleinemeuwessen.nl\\\/ko\\\/#website\",\"url\":\"https:\\\/\\\/blog.madeleinemeuwessen.nl\\\/ko\\\/\",\"name\":\"Madeleine Meuwessen\",\"description\":\"Als je het leven snapt, begrijp je de wereld niet.\",\"potentialAction\":[{\"@type\":\"SearchAction\",\"target\":{\"@type\":\"EntryPoint\",\"urlTemplate\":\"https:\\\/\\\/blog.madeleinemeuwessen.nl\\\/ko\\\/?s={search_term_string}\"},\"query-input\":{\"@type\":\"PropertyValueSpecification\",\"valueRequired\":true,\"valueName\":\"search_term_string\"}}],\"inLanguage\":\"fr-FR\"},{\"@type\":\"Person\",\"@id\":\"https:\\\/\\\/blog.madeleinemeuwessen.nl\\\/ko\\\/#\\\/schema\\\/person\\\/bec97814dfe7825a10b34fdd36706181\",\"name\":\"M. Meuwessen\",\"image\":{\"@type\":\"ImageObject\",\"inLanguage\":\"fr-FR\",\"@id\":\"https:\\\/\\\/secure.gravatar.com\\\/avatar\\\/68bd9698b79bd41856398124d4d3b7223cd303eb0bdd076d414648658c3a48d6?s=96&d=mm&r=g\",\"url\":\"https:\\\/\\\/secure.gravatar.com\\\/avatar\\\/68bd9698b79bd41856398124d4d3b7223cd303eb0bdd076d414648658c3a48d6?s=96&d=mm&r=g\",\"contentUrl\":\"https:\\\/\\\/secure.gravatar.com\\\/avatar\\\/68bd9698b79bd41856398124d4d3b7223cd303eb0bdd076d414648658c3a48d6?s=96&d=mm&r=g\",\"caption\":\"M. Meuwessen\"}}]}<\/script>\n<!-- \/ Yoast SEO plugin. -->","yoast_head_json":{"title":"Ism\u00e8ne- Hymenocallis festalis - Madeleine Meuwessen","robots":{"index":"index","follow":"follow","max-snippet":"max-snippet:-1","max-image-preview":"max-image-preview:large","max-video-preview":"max-video-preview:-1"},"canonical":"https:\/\/blog.madeleinemeuwessen.nl\/fr\/2017\/03\/19\/ismene-hymenocallis-festalis\/","og_locale":"fr_FR","og_type":"article","og_title":"Ismene- Hymenocallis festalis - Madeleine Meuwessen","og_description":"Ismene-mensen leven het liefst in hun fantasiewereld. Ze fantaseren dikwijls over de toekomst. Vaak gaat het om dingen die ze graag willen hebben, maar niet kunnen krijgen. En zelfs in gezelschap zijn ze met hun eigen gedachten bezig en ontgaat hen volledig wat er om ze heen gebeurt totdat iemand ze iets vraagt, waardoor ze [...]","og_url":"https:\/\/blog.madeleinemeuwessen.nl\/fr\/2017\/03\/19\/ismene-hymenocallis-festalis\/","og_site_name":"Madeleine Meuwessen","article_published_time":"2017-03-19T12:34:47+00:00","og_image":[{"width":400,"height":300,"url":"https:\/\/blog.madeleinemeuwessen.nl\/wp-content\/uploads\/2017\/03\/ismene-2.jpg","type":"image\/jpeg"}],"author":"M. Meuwessen","twitter_card":"summary_large_image","twitter_misc":{"\u00c9crit par":"M. Meuwessen","Dur\u00e9e de lecture estim\u00e9e":"7 minutes"},"schema":{"@context":"https:\/\/schema.org","@graph":[{"@type":"Article","@id":"https:\/\/blog.madeleinemeuwessen.nl\/2017\/03\/19\/ismene-hymenocallis-festalis\/#article","isPartOf":{"@id":"https:\/\/blog.madeleinemeuwessen.nl\/2017\/03\/19\/ismene-hymenocallis-festalis\/"},"author":{"name":"M. Meuwessen","@id":"https:\/\/blog.madeleinemeuwessen.nl\/ko\/#\/schema\/person\/bec97814dfe7825a10b34fdd36706181"},"headline":"Ismene- Hymenocallis festalis","datePublished":"2017-03-19T12:34:47+00:00","mainEntityOfPage":{"@id":"https:\/\/blog.madeleinemeuwessen.nl\/2017\/03\/19\/ismene-hymenocallis-festalis\/"},"wordCount":1319,"image":{"@id":"https:\/\/blog.madeleinemeuwessen.nl\/2017\/03\/19\/ismene-hymenocallis-festalis\/#primaryimage"},"thumbnailUrl":"https:\/\/blog.madeleinemeuwessen.nl\/wp-content\/uploads\/2017\/03\/ismene-2.jpg","keywords":["\"de prins op het witte paard\"","afspraken vergeten","allerlei mogelijke huidaandoeningen","constipatie","dagdromen","dromerig","fantasiewereld","flauwte","het liefst alleen zijn","koude handen","koude voeten","onge\u00efnteresseerd","ongelukjes","slaperigheid","snel uitgeput raken","stoten","struikelen","vallen","vergeten","verkoudheid","wensvoorstellingen"],"articleSection":["Star Remedies"],"inLanguage":"fr-FR"},{"@type":"WebPage","@id":"https:\/\/blog.madeleinemeuwessen.nl\/2017\/03\/19\/ismene-hymenocallis-festalis\/","url":"https:\/\/blog.madeleinemeuwessen.nl\/2017\/03\/19\/ismene-hymenocallis-festalis\/","name":"Ism\u00e8ne- Hymenocallis festalis - Madeleine Meuwessen","isPartOf":{"@id":"https:\/\/blog.madeleinemeuwessen.nl\/ko\/#website"},"primaryImageOfPage":{"@id":"https:\/\/blog.madeleinemeuwessen.nl\/2017\/03\/19\/ismene-hymenocallis-festalis\/#primaryimage"},"image":{"@id":"https:\/\/blog.madeleinemeuwessen.nl\/2017\/03\/19\/ismene-hymenocallis-festalis\/#primaryimage"},"thumbnailUrl":"https:\/\/blog.madeleinemeuwessen.nl\/wp-content\/uploads\/2017\/03\/ismene-2.jpg","datePublished":"2017-03-19T12:34:47+00:00","author":{"@id":"https:\/\/blog.madeleinemeuwessen.nl\/ko\/#\/schema\/person\/bec97814dfe7825a10b34fdd36706181"},"breadcrumb":{"@id":"https:\/\/blog.madeleinemeuwessen.nl\/2017\/03\/19\/ismene-hymenocallis-festalis\/#breadcrumb"},"inLanguage":"fr-FR","potentialAction":[{"@type":"ReadAction","target":["https:\/\/blog.madeleinemeuwessen.nl\/2017\/03\/19\/ismene-hymenocallis-festalis\/"]}]},{"@type":"ImageObject","inLanguage":"fr-FR","@id":"https:\/\/blog.madeleinemeuwessen.nl\/2017\/03\/19\/ismene-hymenocallis-festalis\/#primaryimage","url":"https:\/\/blog.madeleinemeuwessen.nl\/wp-content\/uploads\/2017\/03\/ismene-2.jpg","contentUrl":"https:\/\/blog.madeleinemeuwessen.nl\/wp-content\/uploads\/2017\/03\/ismene-2.jpg","width":400,"height":300},{"@type":"BreadcrumbList","@id":"https:\/\/blog.madeleinemeuwessen.nl\/2017\/03\/19\/ismene-hymenocallis-festalis\/#breadcrumb","itemListElement":[{"@type":"ListItem","position":1,"name":"Home","item":"https:\/\/blog.madeleinemeuwessen.nl\/"},{"@type":"ListItem","position":2,"name":"Ismene- Hymenocallis festalis"}]},{"@type":"WebSite","@id":"https:\/\/blog.madeleinemeuwessen.nl\/ko\/#website","url":"https:\/\/blog.madeleinemeuwessen.nl\/ko\/","name":"Madeleine Meuwessen","description":"Si vous comprenez la vie, vous ne comprenez pas le monde.","potentialAction":[{"@type":"SearchAction","target":{"@type":"EntryPoint","urlTemplate":"https:\/\/blog.madeleinemeuwessen.nl\/ko\/?s={search_term_string}"},"query-input":{"@type":"PropertyValueSpecification","valueRequired":true,"valueName":"search_term_string"}}],"inLanguage":"fr-FR"},{"@type":"Person","@id":"https:\/\/blog.madeleinemeuwessen.nl\/ko\/#\/schema\/person\/bec97814dfe7825a10b34fdd36706181","name":"M. Meuwessen","image":{"@type":"ImageObject","inLanguage":"fr-FR","@id":"https:\/\/secure.gravatar.com\/avatar\/68bd9698b79bd41856398124d4d3b7223cd303eb0bdd076d414648658c3a48d6?s=96&d=mm&r=g","url":"https:\/\/secure.gravatar.com\/avatar\/68bd9698b79bd41856398124d4d3b7223cd303eb0bdd076d414648658c3a48d6?s=96&d=mm&r=g","contentUrl":"https:\/\/secure.gravatar.com\/avatar\/68bd9698b79bd41856398124d4d3b7223cd303eb0bdd076d414648658c3a48d6?s=96&d=mm&r=g","caption":"M. Meuwessen"}}]}},"_links":{"self":[{"href":"https:\/\/blog.madeleinemeuwessen.nl\/fr\/wp-json\/wp\/v2\/posts\/797","targetHints":{"allow":["GET"]}}],"collection":[{"href":"https:\/\/blog.madeleinemeuwessen.nl\/fr\/wp-json\/wp\/v2\/posts"}],"about":[{"href":"https:\/\/blog.madeleinemeuwessen.nl\/fr\/wp-json\/wp\/v2\/types\/post"}],"author":[{"embeddable":true,"href":"https:\/\/blog.madeleinemeuwessen.nl\/fr\/wp-json\/wp\/v2\/users\/4"}],"replies":[{"embeddable":true,"href":"https:\/\/blog.madeleinemeuwessen.nl\/fr\/wp-json\/wp\/v2\/comments?post=797"}],"version-history":[{"count":5,"href":"https:\/\/blog.madeleinemeuwessen.nl\/fr\/wp-json\/wp\/v2\/posts\/797\/revisions"}],"predecessor-version":[{"id":831,"href":"https:\/\/blog.madeleinemeuwessen.nl\/fr\/wp-json\/wp\/v2\/posts\/797\/revisions\/831"}],"wp:featuredmedia":[{"embeddable":true,"href":"https:\/\/blog.madeleinemeuwessen.nl\/fr\/wp-json\/wp\/v2\/media\/824"}],"wp:attachment":[{"href":"https:\/\/blog.madeleinemeuwessen.nl\/fr\/wp-json\/wp\/v2\/media?parent=797"}],"wp:term":[{"taxonomy":"category","embeddable":true,"href":"https:\/\/blog.madeleinemeuwessen.nl\/fr\/wp-json\/wp\/v2\/categories?post=797"},{"taxonomy":"post_tag","embeddable":true,"href":"https:\/\/blog.madeleinemeuwessen.nl\/fr\/wp-json\/wp\/v2\/tags?post=797"}],"curies":[{"name":"wp","href":"https:\/\/api.w.org\/{rel}","templated":true}]}}