
{"id":859,"date":"2017-04-16T19:32:54","date_gmt":"2017-04-16T18:32:54","guid":{"rendered":"https:\/\/blog.madeleinemeuwessen.nl\/?p=859"},"modified":"2017-04-16T19:32:54","modified_gmt":"2017-04-16T18:32:54","slug":"y-cuando-empezaran-por-fin-a-trabajar-juntos-la-corriente-principal-y-la-complementaria","status":"publish","type":"post","link":"https:\/\/blog.madeleinemeuwessen.nl\/es\/2017\/04\/16\/en-wanneer-gaan-regulier-en-complementair-eindelijk-samenwerken\/","title":{"rendered":"\u00bfD\u00f3nde y cu\u00e1ndo empezar\u00e1n por fin a trabajar juntos la corriente principal y la complementaria? ????"},"content":{"rendered":"<p><strong>\u00bfD\u00f3nde y cu\u00e1ndo empezar\u00e1n por fin a trabajar juntos la corriente principal y la complementaria? ????<\/strong><\/p>\n<p>Despu\u00e9s de publicar mi \u00faltimo blog, me qued\u00f3 claro que quiero empezar explicando c\u00f3mo funcionan las Nuevas Terapias con los Remedios Estrella en situaciones cr\u00f3nicas.<br \/>\nPodr\u00eda describir un remedio cada vez, cosa que hago con cari\u00f1o, pero quiero empezar describiendo <strong>c\u00f3mo<\/strong> exactamente c\u00f3mo funciona esta terapia.<br \/>\nPor qu\u00e9 una persona sufre una depresi\u00f3n end\u00f3gena, c\u00f3mo surgi\u00f3, para que el lector se haga una idea a\u00fan m\u00e1s clara de los or\u00edgenes de, por ejemplo, esta depresi\u00f3n.<br \/>\nEsto no se puede describir en un blog. Es demasiado. Creo que tendr\u00e9 que hacerlo en tres o cuatro.<br \/>\nDespu\u00e9s, contin\u00fao alegremente con la descripci\u00f3n de cada remedio floral individual.<\/p>\n<p>Hace a\u00f1os fui a la Universidad de Utrecht (UU) porque me interesa mucho la investigaci\u00f3n cient\u00edfica sobre c\u00f3mo funcionan los remedios.<br \/>\nNo importa lo que intent\u00e9, en ninguna parte puedo conseguir mi pie en la puerta.<br \/>\nMe he ofrecido a participar en todos los estudios doble ciego... tan convencido (despu\u00e9s de 40 a\u00f1os trabajando con remedios florales y habiendo tratado a tanta gente) pero estos estudios cuestan tanto dinero....que no se gastar\u00e1 o no se puede gastar para esto.....la farmacia no se beneficia de esto, \u00bfverdad?<\/p>\n<p>Como considero tan importante la obra del Dr. Bach (para m\u00ed siempre la base de la terapia floral y por respeto al Dr. Bach), empezar\u00e9 haciendo una breve descripci\u00f3n de la obra y la vida del Dr. Bach a pesar de que ya se ha escrito mucho sobre \u00e9l.<\/p>\n<p>Terapia floral de Bach: Sanar el cuerpo y la mente<br \/>\n<strong>La historia de Edward Bach<\/strong><\/p>\n<p>El Dr. Bach descubri\u00f3 en los a\u00f1os 30 que ciertos tipos de flores aportan armon\u00eda a la mente humana.<\/p>\n<p>Edward Bach naci\u00f3 en 1886 en Inglaterra. Cuando dej\u00f3 la escuela a los 16 a\u00f1os, estaba decidido a ser m\u00e9dico. Creyendo que no pod\u00eda pedir a sus padres que sufragaran el coste de la larga educaci\u00f3n m\u00e9dica, decidi\u00f3 trabajar primero en la fundici\u00f3n de cobre de su padre. Durante tres a\u00f1os trabaj\u00f3 en las f\u00e1bricas Bach de Birmingham, unos a\u00f1os muy duros para \u00e9l. Pero fue precisamente durante este dif\u00edcil periodo de su vida, en medio de compa\u00f1eros de trabajo, cuando adquiri\u00f3 una visi\u00f3n del car\u00e1cter humano, que m\u00e1s tarde constituir\u00eda la base de su futura obra. Entre los obreros de las f\u00e1bricas siempre exist\u00eda el temor a enfermar. Enfermar significaba para ellos p\u00e9rdida de trabajo y de ingresos, por lo que a menudo segu\u00edan trabajando porque estar enfermo tambi\u00e9n supon\u00eda una pesada carga de gastos m\u00e9dicos. Tambi\u00e9n vio que se hac\u00eda poco m\u00e1s por las dolencias de la gente que suprimir los s\u00edntomas, y le qued\u00f3 claro que su camino consistir\u00eda en encontrar una forma de curaci\u00f3n que sanara el cuerpo y la mente. Ya entonces Bach estaba convencido de que hab\u00eda que encontrar un m\u00e9todo curativo sencillo que curara las enfermedades cr\u00f3nicas.<\/p>\n<p>A los 20 a\u00f1os comenz\u00f3 por fin su formaci\u00f3n m\u00e9dica. Como estudiante de medicina, descubri\u00f3 durante sus observaciones en el hospital que no todos los pacientes que padec\u00edan la misma enfermedad se curaban tambi\u00e9n con el mismo tratamiento. El mismo medicamento, que aparentemente era capaz de curar a algunos de ellos, no ten\u00eda ning\u00fan efecto en otros.<br \/>\nYa entonces se dio cuenta de que pacientes con personalidades similares sol\u00edan responder a la misma medicina, mientras que otros, con personalidades diferentes, requer\u00edan un tratamiento distinto, a pesar de padecer la misma dolencia. As\u00ed, descubri\u00f3 muy pronto que la personalidad del individuo ten\u00eda en la enfermedad una importancia a\u00fan mayor que el cuerpo.<\/p>\n<p>En su consulta de Harley Street hab\u00eda muchos pacientes con dolencias cr\u00f3nicas que no se beneficiaban de ning\u00fan tratamiento. La ciencia m\u00e9dica moderna se quedaba corta. Se centraban, seg\u00fan Bach, demasiado en el cuerpo f\u00edsico. Con la esperanza de encontrar respuestas a sus muchas preguntas, empez\u00f3 a estudiar bacteriolog\u00eda y homeopat\u00eda. Descubri\u00f3 que ciertas bacterias intestinales ten\u00edan mucho que ver con las enfermedades cr\u00f3nicas. Desarroll\u00f3 siete vacunas orales llamadas nosodes de Bach, que a\u00fan hoy recetan los m\u00e9dicos al\u00f3patas y home\u00f3patas.<\/p>\n<p>Cuando Edward Bach ley\u00f3 las obras de Hahnemann, un m\u00e9dico alem\u00e1n del siglo XVIII que lleg\u00f3 a ser conocido como el padre de la homeopat\u00eda, lleg\u00f3 a la conclusi\u00f3n de que exist\u00eda una gran similitud entre Hahnemann y \u00e9l, a saber, que el principio de la verdadera curaci\u00f3n resid\u00eda <strong>en tratar al ser humano y no su enfermedad<\/strong>.<br \/>\nBach plante\u00f3 la hip\u00f3tesis de que la causa de la enfermedad deb\u00edan ser los estados de \u00e1nimo negativos, como el miedo, la tristeza, la inseguridad, la soledad, la impaciencia, etc.<br \/>\nY este fue el verdadero comienzo de su nuevo trabajo.<\/p>\n<p><strong>El inicio de nuevos trabajos y el descubrimiento de remedios<\/strong><br \/>\nEn \u00e9l crec\u00eda cada vez m\u00e1s el impulso de adentrarse en la naturaleza de Gales, la tierra de donde proced\u00edan sus antepasados. A principios de 1930, Bach abandon\u00f3 su consulta en Londres, se march\u00f3 a Gales y dedic\u00f3 todo su tiempo a buscar remedios en la naturaleza. La sensibilidad de Bach se desarroll\u00f3 enormemente y su fuerte conexi\u00f3n con la naturaleza le hizo sentir el poder curativo de las flores en su cuerpo y alma. Hasta 1936, Bach desarroll\u00f3 38 remedios, cada uno referido a un estado de \u00e1nimo particular. Los primeros 19 remedios que Bach descubri\u00f3 se prepararon utilizando el \"m\u00e9todo solar\". Un m\u00e9todo muy sencillo. Consiste en recoger flores, que crecen en su entorno natural, a primera hora de la ma\u00f1ana en un d\u00eda luminoso y soleado. Las flores se colocan en un cuenco de cristal lleno de agua de un manantial natural cercano, de forma que la superficie del agua quede completamente cubierta. El sol transmite las vibraciones de las flores al agua. Las flores permanecen en el cuenco entre tres y cuatro horas. A continuaci\u00f3n, se utilizan ramitas u hojas de la misma planta para retirar las flores del agua. Esta soluci\u00f3n se mezcla con las mismas partes de aguardiente, por motivos de conservaci\u00f3n. Supongamos que ha habido medio litro de agua en el recipiente, que se rellena con medio litro de brandy, con lo que se tiene un litro de \"tintura madre\". Con dos gotas de \u00e9sta se hace un \"frasco madre\", que se rellena con brandy. Estos frascos est\u00e1n disponibles en las tiendas correspondientes<\/p>\n<p>Como no todos los \u00e1rboles, arbustos y flores florecen en una estaci\u00f3n en la que haya mucho sol, las dem\u00e1s flores se prepararon utilizando el m\u00e9todo de ebullici\u00f3n: se trata de hervir las flores durante 30 minutos. Una vez que se han enfriado, se filtra todo y se mezcla de nuevo con la misma cantidad de brandy y se termina de la misma forma que en el m\u00e9todo del sol.<\/p>\n<p>Creo que lo asombroso de Edward Bach no es s\u00f3lo el descubrimiento de los remedios, sino que los 38 remedios son los arquetipos reales que tratan los sentimientos, por ejemplo, los celos, la falta de confianza en uno mismo, la ansiedad o la depresi\u00f3n. Todas las personas del mundo tienen estos sentimientos, ya vivas en Holanda, Sud\u00e1frica o Alaska. Estos estados de \u00e1nimo son t\u00edpicos de todas las personas. Lo mismo ocurre con los animales, las flores, los \u00e1rboles, etc. Los animales tambi\u00e9n sienten miedo o celos o quieren atenci\u00f3n constante, las plantas que pones en un rinc\u00f3n diferente pueden parecer marchitas al cabo de un tiempo, por ejemplo, aunque reciban la misma cantidad de sol y agua. Tambi\u00e9n pueden sentirse privadas si se las pone en un lugar diferente porque se a\u00f1ade una planta nueva.<\/p>\n<p><strong>La filosof\u00eda de Edward Bach<\/strong><br \/>\nY su clasificaci\u00f3n de los remedios<\/p>\n<p>Bach asumi\u00f3 que las 38 \"virtudes\" sirven de conexi\u00f3n entre tu personalidad, tal y como te manifiestas aqu\u00ed en la tierra, y tu Yo Superior o alma.<br \/>\nSi no act\u00faas en armon\u00eda con tu Yo Superior, las \"virtudes\" se convierten en estados mentales negativos, por ejemplo:<br \/>\n- Fuera de la fe: pesimismo<br \/>\n- Sin esperanza: desesperaci\u00f3n<br \/>\n- Por valent\u00eda y confianza: miedos<\/p>\n<p>A trav\u00e9s de sus vibraciones, las flores restablecen el contacto con el Yo Superior y ayudan a los implicados a desarrollar a\u00fan m\u00e1s la virtud.<br \/>\n\"Los estados negativos del alma no se \"combaten\" como s\u00edntomas, porque al hacerlo se mantendr\u00edan energ\u00e9ticamente. M\u00e1s bien, son inundados, por as\u00ed decirlo, por vibraciones energ\u00e9ticas m\u00e1s elevadas, haciendo que, como dice Bach, \"se derritan como la nieve al sol\".<\/p>\n<p><strong><em>As\u00ed es como el Dr. Bach describi\u00f3 lo anterior. Volver\u00e9 sobre ello m\u00e1s adelante porque (dados los avances m\u00e9dicos actuales), el resultado es el mismo sin embargo la explicaci\u00f3n cient\u00edfica es bastante diferente en mi opini\u00f3n.<\/em><\/strong><\/p>\n<p>\"La gente\" ha clasificado los 38 remedios en siete grupos, (probablemente an\u00e1logos a los siete nosodes de Bach) a saber.<br \/>\n- Miedo<br \/>\n- Incertidumbre<br \/>\n- Insuficiente inter\u00e9s por el aqu\u00ed y el ahora<br \/>\n- La soledad<br \/>\n- Hipersensibilidad a influencias e ideas<br \/>\n- Desaliento o desesperaci\u00f3n<br \/>\n- Preocupaci\u00f3n excesiva por el bienestar de los dem\u00e1s<\/p>\n<p><em><strong>Sin embargo, no he encontrado esto en ninguna parte de la obra original del Dr. Edward Bach y, en mi opini\u00f3n, estos grupos se crearon por ignorancia.<\/strong><\/em><\/p>\n<p>Poco despu\u00e9s de desarrollar los 38 remedios, Bach muri\u00f3 mientras dorm\u00eda a la edad de 50 a\u00f1os. El trabajo de su vida hab\u00eda terminado. Nunca pudo tratar a muchas personas con dolencias cr\u00f3nicas. Tras la muerte de Edward Bach, su trabajo fue continuado por sus dos ayudantes m\u00e1s dedicados: Nora Weeks y Victor Bullen. Estos transfirieron su trabajo a John Ramsell y Nicky Murray, hermano y hermana, que se convirtieron en los fideicomisarios del \"centro Bach\". Desgraciadamente, el nombre de Nicky Murray ya no se menciona en ninguna parte.<\/p>\n<p>A veces leo historias que describen a Edward Bach como una especie de semidi\u00f3s. En mi opini\u00f3n, era un hombre corriente, al que le gustaba tomar una copa en el pub, fumaba m\u00e1s de lo que quiz\u00e1 le conven\u00eda, le encantaba ayudar a los pescadores a sacar sus barcas a tierra y pasear por sus queridos pueblos de la campi\u00f1a, pero a trav\u00e9s de la caracter\u00edstica que define su trabajo, es decir, su deseo desinteresado de ayudar a la humanidad, nos ha dejado un legado asombroso.<\/p>\n<p><strong>Las nuevas terapias seg\u00fan Dietmar Kr\u00e4mer<\/strong><br \/>\nEl Dr. Edward Bach no fue capaz de ampliar, perfeccionar su obra. Quien s\u00ed lo hizo y sigue haci\u00e9ndolo es Dietmar Kr\u00e4mer, un sanador alem\u00e1n. Con sus vastos conocimientos, ha profundizado en el m\u00e9todo curativo del Dr. Bach. Ha elaborado un m\u00e9todo en el que es posible pelar los problemas capa por capa hasta llegar al problema m\u00e1s profundo y subyacente. En un viejo folleto de John Ramsell y Niekie Murray: \"Sobre los remedios florales de Bach\" hay un cap\u00edtulo:<\/p>\n<p><strong>\u00bfCu\u00e1nto tiempo hay que aplicar los Remedios antes de ver resultados?<\/strong><br \/>\nHay muchas respuestas posibles a esta pregunta. Depende mucho de lo arraigado que est\u00e9 el problema en cuesti\u00f3n. Lo que sigue, creo, ya muestra un poco c\u00f3mo las Nuevas Terapias de Dietmar Kr\u00e4mer conectan con la obra original del Dr. Bach. Hay muchas respuestas posibles a esta pregunta. Para una situaci\u00f3n aguda, por ejemplo, puedes poner 2 gotas de cualquier remedio en un vaso de agua y beber peque\u00f1os sorbos. Con eso ya conseguir\u00e1 resultados en tal caso. Sin embargo, si se trata de un problema de larga duraci\u00f3n, entonces, por supuesto, hay que conocer muchos m\u00e1s detalles para determinar qu\u00e9 remedios son los adecuados para esa persona.<\/p>\n<p><img decoding=\"async\" class=\"size-medium wp-image-886 aligncenter\" src=\"https:\/\/blog.madeleinemeuwessen.nl\/wp-content\/uploads\/2017\/04\/wip-1-300x100.jpg\" alt=\"\" width=\"300\" height=\"100\" srcset=\"https:\/\/blog.madeleinemeuwessen.nl\/wp-content\/uploads\/2017\/04\/wip-1-300x100.jpg 300w, https:\/\/blog.madeleinemeuwessen.nl\/wp-content\/uploads\/2017\/04\/wip-1.jpg 750w\" sizes=\"(max-width: 300px) 100vw, 300px\" \/><strong>Figura 1<\/strong> representa un balanc\u00edn en equilibrio. Con ello, indicamos el equilibrio que nos simboliza en nuestro estado natural. Este equilibrio nos permite afrontar bien todas las lecciones y experiencias que se nos presentan a lo largo de la vida. Afrontando bien estas situaciones, somos capaces de desarrollarnos cada vez m\u00e1s. Sin embargo, estamos lejos de tener \u00e9xito en todas nuestras tareas sin que alguna lucha o anomal\u00eda nos frene o nos lleve por el mal camino.<\/p>\n<p><img decoding=\"async\" class=\"size-medium wp-image-887 aligncenter\" src=\"https:\/\/blog.madeleinemeuwessen.nl\/wp-content\/uploads\/2017\/04\/wip-2-300x100.jpg\" alt=\"\" width=\"300\" height=\"100\" srcset=\"https:\/\/blog.madeleinemeuwessen.nl\/wp-content\/uploads\/2017\/04\/wip-2-300x100.jpg 300w, https:\/\/blog.madeleinemeuwessen.nl\/wp-content\/uploads\/2017\/04\/wip-2.jpg 750w\" sizes=\"(max-width: 300px) 100vw, 300px\" \/><strong>Figura 2<br \/>\n<\/strong>En la figura 2, alguien que es muy h\u00e1bil y disfruta con su trabajo, un d\u00eda siente que \u00e9ste se le est\u00e1 convirtiendo en una carga m\u00e1s pesada de lo que pensaba. En esta fase, el problema a\u00fan no est\u00e1 firmemente arraigado. Es necesario un ligero ajuste para restablecer el equilibrio. Sin embargo, si no hace nada para recuperar el equilibrio, la sensaci\u00f3n de no estar a la altura se apoderar\u00e1 de \u00e9l. Entonces se producir\u00e1 un efecto de bola de nieve: por ejemplo, empezar\u00e1 a dudar de su propia capacidad, mientras que antes rebosaba confianza en s\u00ed mismo. Esto, a su vez, puede provocar todo tipo de estados de \u00e1nimo negativos.<\/p>\n<p><img decoding=\"async\" class=\"size-medium wp-image-888 aligncenter\" src=\"https:\/\/blog.madeleinemeuwessen.nl\/wp-content\/uploads\/2017\/04\/wip-3-300x100.jpg\" alt=\"\" width=\"300\" height=\"100\" srcset=\"https:\/\/blog.madeleinemeuwessen.nl\/wp-content\/uploads\/2017\/04\/wip-3-300x100.jpg 300w, https:\/\/blog.madeleinemeuwessen.nl\/wp-content\/uploads\/2017\/04\/wip-3.jpg 750w\" sizes=\"(max-width: 300px) 100vw, 300px\" \/><strong>Figura 3<br \/>\n<\/strong>Si este deslizamiento contin\u00faa, acabar\u00e1 descubriendo -despu\u00e9s de un periodo de 1 a quiz\u00e1s 20 a\u00f1os y quiz\u00e1 mucho m\u00e1s- que se ha desequilibrado por completo. (Figura 4). Para entonces, su problema se ha arraigado de tal manera que est\u00e1 agobiado por el estr\u00e9s, la preocupaci\u00f3n y la ansiedad. El resultado es que acaba por derrumbarse. Dependiendo de cu\u00e1l sea f\u00edsicamente su punto d\u00e9bil, su sensaci\u00f3n de malestar se ver\u00e1 agravada por la aparici\u00f3n de una \u00falcera, asma, sinusitis, etc. Si tiene la suerte de estar en tan buena forma que no le sobrevengan este tipo de dolencias, es probable que se derrumbe mentalmente (posici\u00f3n D).<\/p>\n<p><img decoding=\"async\" class=\"size-medium wp-image-889 aligncenter\" src=\"https:\/\/blog.madeleinemeuwessen.nl\/wp-content\/uploads\/2017\/04\/wip-4-300x100.jpg\" alt=\"\" width=\"300\" height=\"100\" srcset=\"https:\/\/blog.madeleinemeuwessen.nl\/wp-content\/uploads\/2017\/04\/wip-4-300x100.jpg 300w, https:\/\/blog.madeleinemeuwessen.nl\/wp-content\/uploads\/2017\/04\/wip-4.jpg 750w\" sizes=\"(max-width: 300px) 100vw, 300px\" \/><strong>Figura 4<\/strong><\/p>\n<p>Conclusi\u00f3n: El tiempo que tardan los remedios en tener un efecto positivo depende de la posici\u00f3n de la persona en la pendiente.<br \/>\nEvidentemente, si empiezas a tratar la posici\u00f3n A, nada cambiar\u00e1 en el equilibrio del balanc\u00edn.<\/p>\n<p>Ah\u00ed est\u00e1 precisamente la respuesta cuando se empieza a trabajar con remedios florales seg\u00fan las Nuevas Terapias de Dietmar Kr\u00e4mer.<br \/>\nLa semana que viene habr\u00e1 m\u00e1s informaci\u00f3n sobre esta metodolog\u00eda.<br \/>\nBrevemente, partimos de resolver primero los estados de \u00e1nimo negativos externos, luego los estados de \u00e1nimo negativos de descompensaci\u00f3n, los estados de \u00e1nimo negativos de compensaci\u00f3n, los estados de \u00e1nimo negativos de comunicaci\u00f3n, el nivel I, el nivel II, el nivel III, el nivel IV y el nivel V.<\/p>\n<p>Puede parecer mucho de lo que se ha descrito anteriormente, sin embargo, si luego publico mi \"lista de ejercicios\" tambi\u00e9n en el blog, quedar\u00e1 claro para todos y vendr\u00e1 la comprensi\u00f3n de c\u00f3mo, a trav\u00e9s de los remedios florales, puedes tomar el control de tu propia vida.<\/p>\n<p>Dado que el m\u00e9todo de Dietmar Kr\u00e4mer trata al ser humano \"en su totalidad\" hasta el nivel I (no m\u00e1s all\u00e1), podr\u00eda surgir la pregunta de si esto es completamente completo, (lo que ha resultado ser en los \u00faltimos 27 a\u00f1os, que es el tiempo que llevo trabajando con \u00e9l)<\/p>\n<p><center><strong>Entonces, \u00bfpor qu\u00e9 tuve que ir yo tambi\u00e9n a hacer remedios?<\/strong><\/center>Tambi\u00e9n lo dejar\u00e9 claro en pr\u00f3ximos blogs.<\/p>\n<p>Madeleine Meuwessen<\/p>","protected":false},"excerpt":{"rendered":"<p>Waar en wanneer gaan regulier en complementair eindelijk samenwerken??? Na het plaatsen van mijn laatste blog werd mij duidelijk dat ik eerst wil gaan uitleggen hoe de Nieuwe Therapie\u00ebn met de Star Remedies in chronische situaties werken. Ik kan iedere keer een remedie beschrijven, hetgeen ik ook met liefde doe, maar ik wil eerst gaan [&#8230;]\n","protected":false},"author":4,"featured_media":0,"comment_status":"closed","ping_status":"closed","sticky":false,"template":"","format":"standard","meta":{"footnotes":""},"categories":[3],"tags":[],"class_list":["post-859","post","type-post","status-publish","format-standard","hentry","category-star-remedies"],"yoast_head":"<!-- This site is optimized with the Yoast SEO plugin v27.5 - https:\/\/yoast.com\/product\/yoast-seo-wordpress\/ -->\n<title>Waar en wanneer gaan regulier en complementair eindelijk samenwerken??? - Madeleine Meuwessen<\/title>\n<meta name=\"robots\" content=\"index, follow, max-snippet:-1, max-image-preview:large, max-video-preview:-1\" \/>\n<link rel=\"canonical\" href=\"https:\/\/blog.madeleinemeuwessen.nl\/es\/2017\/04\/16\/y-cuando-empezaran-por-fin-a-trabajar-juntos-la-corriente-principal-y-la-complementaria\/\" \/>\n<meta property=\"og:locale\" content=\"es_ES\" \/>\n<meta property=\"og:type\" content=\"article\" \/>\n<meta property=\"og:title\" content=\"Waar en wanneer gaan regulier en complementair eindelijk samenwerken??? - Madeleine Meuwessen\" \/>\n<meta property=\"og:description\" content=\"Waar en wanneer gaan regulier en complementair eindelijk samenwerken??? Na het plaatsen van mijn laatste blog werd mij duidelijk dat ik eerst wil gaan uitleggen hoe de Nieuwe Therapie\u00ebn met de Star Remedies in chronische situaties werken. Ik kan iedere keer een remedie beschrijven, hetgeen ik ook met liefde doe, maar ik wil eerst gaan [...]\" \/>\n<meta property=\"og:url\" content=\"https:\/\/blog.madeleinemeuwessen.nl\/es\/2017\/04\/16\/y-cuando-empezaran-por-fin-a-trabajar-juntos-la-corriente-principal-y-la-complementaria\/\" \/>\n<meta property=\"og:site_name\" content=\"Madeleine Meuwessen\" \/>\n<meta property=\"article:published_time\" content=\"2017-04-16T18:32:54+00:00\" \/>\n<meta property=\"og:image\" content=\"https:\/\/blog.madeleinemeuwessen.nl\/wp-content\/uploads\/2017\/04\/wip-1.jpg\" \/>\n\t<meta property=\"og:image:width\" content=\"750\" \/>\n\t<meta property=\"og:image:height\" content=\"250\" \/>\n\t<meta property=\"og:image:type\" content=\"image\/jpeg\" \/>\n<meta name=\"author\" content=\"M. Meuwessen\" \/>\n<meta name=\"twitter:card\" content=\"summary_large_image\" \/>\n<meta name=\"twitter:label1\" content=\"Escrito por\" \/>\n\t<meta name=\"twitter:data1\" content=\"M. Meuwessen\" \/>\n\t<meta name=\"twitter:label2\" content=\"Tiempo de lectura\" \/>\n\t<meta name=\"twitter:data2\" content=\"12 minutos\" \/>\n<script type=\"application\/ld+json\" class=\"yoast-schema-graph\">{\"@context\":\"https:\\\/\\\/schema.org\",\"@graph\":[{\"@type\":\"Article\",\"@id\":\"https:\\\/\\\/blog.madeleinemeuwessen.nl\\\/2017\\\/04\\\/16\\\/en-wanneer-gaan-regulier-en-complementair-eindelijk-samenwerken\\\/#article\",\"isPartOf\":{\"@id\":\"https:\\\/\\\/blog.madeleinemeuwessen.nl\\\/2017\\\/04\\\/16\\\/en-wanneer-gaan-regulier-en-complementair-eindelijk-samenwerken\\\/\"},\"author\":{\"name\":\"M. Meuwessen\",\"@id\":\"https:\\\/\\\/blog.madeleinemeuwessen.nl\\\/ko\\\/#\\\/schema\\\/person\\\/bec97814dfe7825a10b34fdd36706181\"},\"headline\":\"Waar en wanneer gaan regulier en complementair eindelijk samenwerken???\",\"datePublished\":\"2017-04-16T18:32:54+00:00\",\"mainEntityOfPage\":{\"@id\":\"https:\\\/\\\/blog.madeleinemeuwessen.nl\\\/2017\\\/04\\\/16\\\/en-wanneer-gaan-regulier-en-complementair-eindelijk-samenwerken\\\/\"},\"wordCount\":2397,\"image\":{\"@id\":\"https:\\\/\\\/blog.madeleinemeuwessen.nl\\\/2017\\\/04\\\/16\\\/en-wanneer-gaan-regulier-en-complementair-eindelijk-samenwerken\\\/#primaryimage\"},\"thumbnailUrl\":\"https:\\\/\\\/blog.madeleinemeuwessen.nl\\\/wp-content\\\/uploads\\\/2017\\\/04\\\/wip-1-300x100.jpg\",\"articleSection\":[\"Star Remedies\"],\"inLanguage\":\"es\"},{\"@type\":\"WebPage\",\"@id\":\"https:\\\/\\\/blog.madeleinemeuwessen.nl\\\/2017\\\/04\\\/16\\\/en-wanneer-gaan-regulier-en-complementair-eindelijk-samenwerken\\\/\",\"url\":\"https:\\\/\\\/blog.madeleinemeuwessen.nl\\\/2017\\\/04\\\/16\\\/en-wanneer-gaan-regulier-en-complementair-eindelijk-samenwerken\\\/\",\"name\":\"Waar en wanneer gaan regulier en complementair eindelijk samenwerken??? - Madeleine Meuwessen\",\"isPartOf\":{\"@id\":\"https:\\\/\\\/blog.madeleinemeuwessen.nl\\\/ko\\\/#website\"},\"primaryImageOfPage\":{\"@id\":\"https:\\\/\\\/blog.madeleinemeuwessen.nl\\\/2017\\\/04\\\/16\\\/en-wanneer-gaan-regulier-en-complementair-eindelijk-samenwerken\\\/#primaryimage\"},\"image\":{\"@id\":\"https:\\\/\\\/blog.madeleinemeuwessen.nl\\\/2017\\\/04\\\/16\\\/en-wanneer-gaan-regulier-en-complementair-eindelijk-samenwerken\\\/#primaryimage\"},\"thumbnailUrl\":\"https:\\\/\\\/blog.madeleinemeuwessen.nl\\\/wp-content\\\/uploads\\\/2017\\\/04\\\/wip-1-300x100.jpg\",\"datePublished\":\"2017-04-16T18:32:54+00:00\",\"author\":{\"@id\":\"https:\\\/\\\/blog.madeleinemeuwessen.nl\\\/ko\\\/#\\\/schema\\\/person\\\/bec97814dfe7825a10b34fdd36706181\"},\"breadcrumb\":{\"@id\":\"https:\\\/\\\/blog.madeleinemeuwessen.nl\\\/2017\\\/04\\\/16\\\/en-wanneer-gaan-regulier-en-complementair-eindelijk-samenwerken\\\/#breadcrumb\"},\"inLanguage\":\"es\",\"potentialAction\":[{\"@type\":\"ReadAction\",\"target\":[\"https:\\\/\\\/blog.madeleinemeuwessen.nl\\\/2017\\\/04\\\/16\\\/en-wanneer-gaan-regulier-en-complementair-eindelijk-samenwerken\\\/\"]}]},{\"@type\":\"ImageObject\",\"inLanguage\":\"es\",\"@id\":\"https:\\\/\\\/blog.madeleinemeuwessen.nl\\\/2017\\\/04\\\/16\\\/en-wanneer-gaan-regulier-en-complementair-eindelijk-samenwerken\\\/#primaryimage\",\"url\":\"https:\\\/\\\/blog.madeleinemeuwessen.nl\\\/wp-content\\\/uploads\\\/2017\\\/04\\\/wip-1-300x100.jpg\",\"contentUrl\":\"https:\\\/\\\/blog.madeleinemeuwessen.nl\\\/wp-content\\\/uploads\\\/2017\\\/04\\\/wip-1-300x100.jpg\"},{\"@type\":\"BreadcrumbList\",\"@id\":\"https:\\\/\\\/blog.madeleinemeuwessen.nl\\\/2017\\\/04\\\/16\\\/en-wanneer-gaan-regulier-en-complementair-eindelijk-samenwerken\\\/#breadcrumb\",\"itemListElement\":[{\"@type\":\"ListItem\",\"position\":1,\"name\":\"Home\",\"item\":\"https:\\\/\\\/blog.madeleinemeuwessen.nl\\\/\"},{\"@type\":\"ListItem\",\"position\":2,\"name\":\"Waar en wanneer gaan regulier en complementair eindelijk samenwerken???\"}]},{\"@type\":\"WebSite\",\"@id\":\"https:\\\/\\\/blog.madeleinemeuwessen.nl\\\/ko\\\/#website\",\"url\":\"https:\\\/\\\/blog.madeleinemeuwessen.nl\\\/ko\\\/\",\"name\":\"Madeleine Meuwessen\",\"description\":\"Als je het leven snapt, begrijp je de wereld niet.\",\"potentialAction\":[{\"@type\":\"SearchAction\",\"target\":{\"@type\":\"EntryPoint\",\"urlTemplate\":\"https:\\\/\\\/blog.madeleinemeuwessen.nl\\\/ko\\\/?s={search_term_string}\"},\"query-input\":{\"@type\":\"PropertyValueSpecification\",\"valueRequired\":true,\"valueName\":\"search_term_string\"}}],\"inLanguage\":\"es\"},{\"@type\":\"Person\",\"@id\":\"https:\\\/\\\/blog.madeleinemeuwessen.nl\\\/ko\\\/#\\\/schema\\\/person\\\/bec97814dfe7825a10b34fdd36706181\",\"name\":\"M. Meuwessen\",\"image\":{\"@type\":\"ImageObject\",\"inLanguage\":\"es\",\"@id\":\"https:\\\/\\\/secure.gravatar.com\\\/avatar\\\/68bd9698b79bd41856398124d4d3b7223cd303eb0bdd076d414648658c3a48d6?s=96&d=mm&r=g\",\"url\":\"https:\\\/\\\/secure.gravatar.com\\\/avatar\\\/68bd9698b79bd41856398124d4d3b7223cd303eb0bdd076d414648658c3a48d6?s=96&d=mm&r=g\",\"contentUrl\":\"https:\\\/\\\/secure.gravatar.com\\\/avatar\\\/68bd9698b79bd41856398124d4d3b7223cd303eb0bdd076d414648658c3a48d6?s=96&d=mm&r=g\",\"caption\":\"M. Meuwessen\"}}]}<\/script>\n<!-- \/ Yoast SEO plugin. -->","yoast_head_json":{"title":"\u00bfD\u00f3nde y cu\u00e1ndo empezar\u00e1n por fin a trabajar juntos la medicina convencional y la complementaria? ???? - Madeleine Meuwessen","robots":{"index":"index","follow":"follow","max-snippet":"max-snippet:-1","max-image-preview":"max-image-preview:large","max-video-preview":"max-video-preview:-1"},"canonical":"https:\/\/blog.madeleinemeuwessen.nl\/es\/2017\/04\/16\/y-cuando-empezaran-por-fin-a-trabajar-juntos-la-corriente-principal-y-la-complementaria\/","og_locale":"es_ES","og_type":"article","og_title":"Waar en wanneer gaan regulier en complementair eindelijk samenwerken??? - Madeleine Meuwessen","og_description":"Waar en wanneer gaan regulier en complementair eindelijk samenwerken??? Na het plaatsen van mijn laatste blog werd mij duidelijk dat ik eerst wil gaan uitleggen hoe de Nieuwe Therapie\u00ebn met de Star Remedies in chronische situaties werken. Ik kan iedere keer een remedie beschrijven, hetgeen ik ook met liefde doe, maar ik wil eerst gaan [...]","og_url":"https:\/\/blog.madeleinemeuwessen.nl\/es\/2017\/04\/16\/y-cuando-empezaran-por-fin-a-trabajar-juntos-la-corriente-principal-y-la-complementaria\/","og_site_name":"Madeleine Meuwessen","article_published_time":"2017-04-16T18:32:54+00:00","og_image":[{"width":750,"height":250,"url":"https:\/\/blog.madeleinemeuwessen.nl\/wp-content\/uploads\/2017\/04\/wip-1.jpg","type":"image\/jpeg"}],"author":"M. Meuwessen","twitter_card":"summary_large_image","twitter_misc":{"Escrito por":"M. Meuwessen","Tiempo de lectura":"12 minutos"},"schema":{"@context":"https:\/\/schema.org","@graph":[{"@type":"Article","@id":"https:\/\/blog.madeleinemeuwessen.nl\/2017\/04\/16\/en-wanneer-gaan-regulier-en-complementair-eindelijk-samenwerken\/#article","isPartOf":{"@id":"https:\/\/blog.madeleinemeuwessen.nl\/2017\/04\/16\/en-wanneer-gaan-regulier-en-complementair-eindelijk-samenwerken\/"},"author":{"name":"M. Meuwessen","@id":"https:\/\/blog.madeleinemeuwessen.nl\/ko\/#\/schema\/person\/bec97814dfe7825a10b34fdd36706181"},"headline":"Waar en wanneer gaan regulier en complementair eindelijk samenwerken???","datePublished":"2017-04-16T18:32:54+00:00","mainEntityOfPage":{"@id":"https:\/\/blog.madeleinemeuwessen.nl\/2017\/04\/16\/en-wanneer-gaan-regulier-en-complementair-eindelijk-samenwerken\/"},"wordCount":2397,"image":{"@id":"https:\/\/blog.madeleinemeuwessen.nl\/2017\/04\/16\/en-wanneer-gaan-regulier-en-complementair-eindelijk-samenwerken\/#primaryimage"},"thumbnailUrl":"https:\/\/blog.madeleinemeuwessen.nl\/wp-content\/uploads\/2017\/04\/wip-1-300x100.jpg","articleSection":["Star Remedies"],"inLanguage":"es"},{"@type":"WebPage","@id":"https:\/\/blog.madeleinemeuwessen.nl\/2017\/04\/16\/en-wanneer-gaan-regulier-en-complementair-eindelijk-samenwerken\/","url":"https:\/\/blog.madeleinemeuwessen.nl\/2017\/04\/16\/en-wanneer-gaan-regulier-en-complementair-eindelijk-samenwerken\/","name":"\u00bfD\u00f3nde y cu\u00e1ndo empezar\u00e1n por fin a trabajar juntos la medicina convencional y la complementaria? ???? - Madeleine Meuwessen","isPartOf":{"@id":"https:\/\/blog.madeleinemeuwessen.nl\/ko\/#website"},"primaryImageOfPage":{"@id":"https:\/\/blog.madeleinemeuwessen.nl\/2017\/04\/16\/en-wanneer-gaan-regulier-en-complementair-eindelijk-samenwerken\/#primaryimage"},"image":{"@id":"https:\/\/blog.madeleinemeuwessen.nl\/2017\/04\/16\/en-wanneer-gaan-regulier-en-complementair-eindelijk-samenwerken\/#primaryimage"},"thumbnailUrl":"https:\/\/blog.madeleinemeuwessen.nl\/wp-content\/uploads\/2017\/04\/wip-1-300x100.jpg","datePublished":"2017-04-16T18:32:54+00:00","author":{"@id":"https:\/\/blog.madeleinemeuwessen.nl\/ko\/#\/schema\/person\/bec97814dfe7825a10b34fdd36706181"},"breadcrumb":{"@id":"https:\/\/blog.madeleinemeuwessen.nl\/2017\/04\/16\/en-wanneer-gaan-regulier-en-complementair-eindelijk-samenwerken\/#breadcrumb"},"inLanguage":"es","potentialAction":[{"@type":"ReadAction","target":["https:\/\/blog.madeleinemeuwessen.nl\/2017\/04\/16\/en-wanneer-gaan-regulier-en-complementair-eindelijk-samenwerken\/"]}]},{"@type":"ImageObject","inLanguage":"es","@id":"https:\/\/blog.madeleinemeuwessen.nl\/2017\/04\/16\/en-wanneer-gaan-regulier-en-complementair-eindelijk-samenwerken\/#primaryimage","url":"https:\/\/blog.madeleinemeuwessen.nl\/wp-content\/uploads\/2017\/04\/wip-1-300x100.jpg","contentUrl":"https:\/\/blog.madeleinemeuwessen.nl\/wp-content\/uploads\/2017\/04\/wip-1-300x100.jpg"},{"@type":"BreadcrumbList","@id":"https:\/\/blog.madeleinemeuwessen.nl\/2017\/04\/16\/en-wanneer-gaan-regulier-en-complementair-eindelijk-samenwerken\/#breadcrumb","itemListElement":[{"@type":"ListItem","position":1,"name":"Home","item":"https:\/\/blog.madeleinemeuwessen.nl\/"},{"@type":"ListItem","position":2,"name":"Waar en wanneer gaan regulier en complementair eindelijk samenwerken???"}]},{"@type":"WebSite","@id":"https:\/\/blog.madeleinemeuwessen.nl\/ko\/#website","url":"https:\/\/blog.madeleinemeuwessen.nl\/ko\/","name":"Madeleine Meuwessen","description":"Si entiendes la vida, no entiendes el mundo.","potentialAction":[{"@type":"SearchAction","target":{"@type":"EntryPoint","urlTemplate":"https:\/\/blog.madeleinemeuwessen.nl\/ko\/?s={search_term_string}"},"query-input":{"@type":"PropertyValueSpecification","valueRequired":true,"valueName":"search_term_string"}}],"inLanguage":"es"},{"@type":"Person","@id":"https:\/\/blog.madeleinemeuwessen.nl\/ko\/#\/schema\/person\/bec97814dfe7825a10b34fdd36706181","name":"M. Meuwessen","image":{"@type":"ImageObject","inLanguage":"es","@id":"https:\/\/secure.gravatar.com\/avatar\/68bd9698b79bd41856398124d4d3b7223cd303eb0bdd076d414648658c3a48d6?s=96&d=mm&r=g","url":"https:\/\/secure.gravatar.com\/avatar\/68bd9698b79bd41856398124d4d3b7223cd303eb0bdd076d414648658c3a48d6?s=96&d=mm&r=g","contentUrl":"https:\/\/secure.gravatar.com\/avatar\/68bd9698b79bd41856398124d4d3b7223cd303eb0bdd076d414648658c3a48d6?s=96&d=mm&r=g","caption":"M. Meuwessen"}}]}},"_links":{"self":[{"href":"https:\/\/blog.madeleinemeuwessen.nl\/es\/wp-json\/wp\/v2\/posts\/859","targetHints":{"allow":["GET"]}}],"collection":[{"href":"https:\/\/blog.madeleinemeuwessen.nl\/es\/wp-json\/wp\/v2\/posts"}],"about":[{"href":"https:\/\/blog.madeleinemeuwessen.nl\/es\/wp-json\/wp\/v2\/types\/post"}],"author":[{"embeddable":true,"href":"https:\/\/blog.madeleinemeuwessen.nl\/es\/wp-json\/wp\/v2\/users\/4"}],"replies":[{"embeddable":true,"href":"https:\/\/blog.madeleinemeuwessen.nl\/es\/wp-json\/wp\/v2\/comments?post=859"}],"version-history":[{"count":5,"href":"https:\/\/blog.madeleinemeuwessen.nl\/es\/wp-json\/wp\/v2\/posts\/859\/revisions"}],"predecessor-version":[{"id":891,"href":"https:\/\/blog.madeleinemeuwessen.nl\/es\/wp-json\/wp\/v2\/posts\/859\/revisions\/891"}],"wp:attachment":[{"href":"https:\/\/blog.madeleinemeuwessen.nl\/es\/wp-json\/wp\/v2\/media?parent=859"}],"wp:term":[{"taxonomy":"category","embeddable":true,"href":"https:\/\/blog.madeleinemeuwessen.nl\/es\/wp-json\/wp\/v2\/categories?post=859"},{"taxonomy":"post_tag","embeddable":true,"href":"https:\/\/blog.madeleinemeuwessen.nl\/es\/wp-json\/wp\/v2\/tags?post=859"}],"curies":[{"name":"wp","href":"https:\/\/api.w.org\/{rel}","templated":true}]}}